{"id":1844,"date":"2025-03-06T11:39:56","date_gmt":"2025-03-06T10:39:56","guid":{"rendered":"https:\/\/globeetcecilhotel.com\/la-place-bellecour-un-incontournable-de-lyon-a-visiter\/"},"modified":"2026-04-17T09:17:56","modified_gmt":"2026-04-17T07:17:56","slug":"la-place-bellecour-un-incontournable-de-lyon-a-visiter","status":"publish","type":"post","link":"https:\/\/globeetcecilhotel.com\/en\/bellecour-district\/la-place-bellecour-un-incontournable-de-lyon-a-visiter\/","title":{"rendered":"Place Bellecour: a must-see in Lyon"},"content":{"rendered":"\n<section class=\"heading wp-elements-5002636e7e055c28b55d5913a2500f15 wp-elements-5002636e7e055c28b55d5913a2500f15 wp-block-acf-heading has-text-color has-primary-color has-background has-white-100-background-color\">\n\t<div class=\"heading__container\">\n\t\t\t\t\t<div class=\"heading__background-picture\">\n\t\t\t\t<img decoding=\"async\" width=\"1620\" height=\"1080\" src=\"https:\/\/globeetcecilhotel.com\/wp-content\/uploads\/sites\/2\/2025\/03\/place_bellecour_lyon-1.jpg\" class=\"attachment-full size-full\" alt=\"place bellecour lyon 1\" fetchpriority=\"high\" srcset=\"https:\/\/globeetcecilhotel.com\/wp-content\/uploads\/sites\/2\/2025\/03\/place_bellecour_lyon-1.jpg 1620w, https:\/\/globeetcecilhotel.com\/wp-content\/uploads\/sites\/2\/2025\/03\/place_bellecour_lyon-1-300x200.jpg 300w, https:\/\/globeetcecilhotel.com\/wp-content\/uploads\/sites\/2\/2025\/03\/place_bellecour_lyon-1-1024x683.jpg 1024w, https:\/\/globeetcecilhotel.com\/wp-content\/uploads\/sites\/2\/2025\/03\/place_bellecour_lyon-1-768x512.jpg 768w, https:\/\/globeetcecilhotel.com\/wp-content\/uploads\/sites\/2\/2025\/03\/place_bellecour_lyon-1-1536x1024.jpg 1536w\" sizes=\"(max-width: 1620px) 100vw, 1620px\" \/>\t\t\t<\/div>\n\t\t\t\t<div class=\"heading__layout\">\n\t\t\t<div class=\"heading__content-wrapper has-white-100-background-color\">\n\t\t\t\t<div class=\"heading__content has-white-100-background-color\">\n\t\t\t\t\t\t\t\t\t<p id=\"breadcrumbs\"><span><span><a href=\"https:\/\/globeetcecilhotel.com\/en\/\">Home<\/a><\/span><\/span><\/p>\t\t\t\t\t\t\t\t\t<div class=\"acf-innerblocks-container\">\n\n<div class=\"wp-block-group heading-content-group is-layout-grid wp-container-core-group-is-layout-96b258e4 wp-block-group-is-layout-grid\">\n<h1 class=\"wp-block-heading has-text-align-left heading__title has-primary-color has-text-color has-xx-large-font-size\">Place Bellecour: a must-see in Lyon<\/h1>\n<\/div>\n\n<\/div>\n\t\t\t\t<\/div>\n\t\t\t\t\t\t\t<\/div>\n\t\t<\/div>\n\t<\/div>\n<\/section>\n\n\n\t<section\n\t\tstyle=\"padding-top:var(--wp--preset--spacing--theme-default);padding-bottom:var(--wp--preset--spacing--theme-default);\" class=\"double-columns wp-block-acf-double-columns has-background has-white-background-color has-global-padding is-layout-constrained wp-container-acf-double-columns-is-layout-a22d0bdd wp-block-acf-double-columns-is-layout-constrained\"\t>\n\n<div class=\"double-columns__innerblocks\">\n\n<div class=\"wp-block-group is-vertical is-content-justification-left is-layout-flex wp-container-core-group-is-layout-58227553 wp-block-group-is-layout-flex\">\n<h2 class=\"wp-block-heading has-text-align-center\"><strong>Climb aboard the Grande-Roue for an exceptional<\/strong><em><mark class=\"has-inline-color has-secondary-color\"> view<\/mark><\/em><\/h2>\n\n\n\n<p>Lyon&#8217;s Ferris wheel is a must-see, promising a dizzying and unforgettable experience. Every winter, it stands proudly at the end of the Place, adding a touch of magic for young and old alike. Climb aboard and let yourself be carried to the top to admire a breathtaking panorama of Lyon and its surroundings, with the Fourvi\u00e8re basilica in the background.<\/p>\n<\/div>\n\n\n\n<div class=\"wp-block-group is-layout-flow wp-block-group-is-layout-flow\">\n<figure class=\"wp-block-image size-full image-is-animate\"><img decoding=\"async\" width=\"720\" height=\"1080\" src=\"https:\/\/globeetcecilhotel.com\/wp-content\/uploads\/sites\/2\/2025\/03\/Place_Bellecour_lyon.jpg\" alt=\"\" class=\"wp-image-568\" style=\"aspect-ratio:3\/4;object-fit:cover\" srcset=\"https:\/\/globeetcecilhotel.com\/wp-content\/uploads\/sites\/2\/2025\/03\/Place_Bellecour_lyon.jpg 720w, https:\/\/globeetcecilhotel.com\/wp-content\/uploads\/sites\/2\/2025\/03\/Place_Bellecour_lyon-200x300.jpg 200w, https:\/\/globeetcecilhotel.com\/wp-content\/uploads\/sites\/2\/2025\/03\/Place_Bellecour_lyon-683x1024.jpg 683w\" sizes=\"(max-width: 720px) 100vw, 720px\" \/><\/figure>\n<\/div>\n\n<\/div>\n\n<\/section>\n\n\t<section\n\t\tstyle=\"padding-top:var(--wp--preset--spacing--theme-default);padding-bottom:var(--wp--preset--spacing--theme-default);\" class=\"block-container align wp-block-acf-block-container has-background has-white-100-background-color has-global-padding is-layout-constrained wp-container-acf-block-container-is-layout-d3fafd11 wp-block-acf-block-container-is-layout-constrained\"\t>\n\n\t\n\n<div class=\"wp-block-group has-global-padding is-layout-constrained wp-container-core-group-is-layout-30cbf03a wp-block-group-is-layout-constrained\">\n<figure class=\"wp-block-image aligncenter size-full\"><img decoding=\"async\" width=\"350\" height=\"350\" src=\"https:\/\/globeetcecilhotel.com\/wp-content\/uploads\/sites\/2\/2025\/04\/STATUE-BELLECOUR-BEIGE.jpg\" alt=\"\" class=\"wp-image-2602\" srcset=\"https:\/\/globeetcecilhotel.com\/wp-content\/uploads\/sites\/2\/2025\/04\/STATUE-BELLECOUR-BEIGE.jpg 350w, https:\/\/globeetcecilhotel.com\/wp-content\/uploads\/sites\/2\/2025\/04\/STATUE-BELLECOUR-BEIGE-300x300.jpg 300w, https:\/\/globeetcecilhotel.com\/wp-content\/uploads\/sites\/2\/2025\/04\/STATUE-BELLECOUR-BEIGE-150x150.jpg 150w\" sizes=\"(max-width: 350px) 100vw, 350px\" \/><\/figure>\n\n\n\n<h2 class=\"wp-block-heading has-text-align-center\">The <mark class=\"has-inline-color has-secondary-color\">statues<\/mark> of Place Bellecour<\/h2>\n\n\n\n<p>Place Bellecour wouldn&#8217;t be what it is without its iconic statues to watch over passers-by. In the center, Louis XIV sits majestically on horseback, the &#8220;equestrian statue&#8221;, a tribute to the man nicknamed the Sun King. But that&#8217;s not all! You&#8217;ll also find statues of the Lumi\u00e8re brothers, inventors of cinema, and of Saint-Exup\u00e9ry and his Little Prince, reminders of Lyon&#8217;s cultural influence. Each one tells its own story, and it&#8217;s up to you to meet them!<\/p>\n\n\n\n<section id=\"\" class=\"align wp-block-acf-faq\">\n\t\n\t\t<div class=\"faq\">\n\t\t\t\t<div class=\"faq__item\">\n\t\t\t<div class=\"faq__question\" data-index=\"0\">\n\t\t\t\t<span class=\"faq__question-text faq__question-font-title\">The Bronze Horse<\/span>\n\t\t\t<\/div>\n\t\t\t<div class=\"faq__answer\">\n\t\t\t\t<p>What could the Sun King be enthroned on if not a sublime horse? This equestrian statue, a veritable icon of Lyon, is a real eye-catcher with its imposing, elegant appearance.  Created in the early 19th century by sculptor Fran\u00e7ois-Fr\u00e9d\u00e9ric Lemot, it symbolizes the city&#8217;s grandeur and history.<br \/>\nIsn&#8217;t it the perfect meeting place?  <\/p>\n\t\t\t<\/div>\n\t\t\t<svg class=\"faq__toggle-icon\" xmlns=\"http:\/\/www.w3.org\/2000\/svg\" width=\"16\" height=\"10\" viewBox=\"0 0 16 10\"\n\t\t\t\tfill=\"none\">\n\t\t\t\t<path d=\"M15 1L8 8L1 0.999999\" stroke=\"#3C3B3A\" stroke-width=\"2\" \/>\n\t\t\t<\/svg>\n\t\t<\/div>\n\t\t\t\t<div class=\"faq__item\">\n\t\t\t<div class=\"faq__question\" data-index=\"1\">\n\t\t\t\t<span class=\"faq__question-text faq__question-font-title\">Pierre&#039;s watchman<\/span>\n\t\t\t<\/div>\n\t\t\t<div class=\"faq__answer\">\n\t\t\t\t<p>Perched discreetly on one of the walls of Place Bellecour, the stone watchman is one of Lyon&#8217;s best-kept secrets, an amusing wink for keen observers. This enigmatic figure, halfway between gargoyle and silent guardian, seems to watch over passers-by and events in the square day and night.<br \/>\nCreated by Lyon artist Rachid Khimoune, the stone watchman is a work of urban art that adds a touch of mystery and fantasy to Bellecour. His impassive expression and piercing gaze give the impression that he knows all the city&#8217;s secrets. Children love to look for it, and adults often wonder how they missed this fascinating detail.<\/p>\n\t\t\t<\/div>\n\t\t\t<svg class=\"faq__toggle-icon\" xmlns=\"http:\/\/www.w3.org\/2000\/svg\" width=\"16\" height=\"10\" viewBox=\"0 0 16 10\"\n\t\t\t\tfill=\"none\">\n\t\t\t\t<path d=\"M15 1L8 8L1 0.999999\" stroke=\"#3C3B3A\" stroke-width=\"2\" \/>\n\t\t\t<\/svg>\n\t\t<\/div>\n\t\t\t\t<div class=\"faq__item\">\n\t\t\t<div class=\"faq__question\" data-index=\"2\">\n\t\t\t\t<span class=\"faq__question-text faq__question-font-title\">Antoine de Saint-Exup\u00e9ry  <\/span>\n\t\t\t<\/div>\n\t\t\t<div class=\"faq__answer\">\n\t\t\t\t<p>Still on the Place Bellecour, Antoine de Saint-Exup\u00e9ry keeps watch with elegance and poetry, accompanied by his famous Little Prince. This moving statue pays tribute to one of Lyon&#8217;s most illustrious children, the writer and aviator whose works continue to enchant generations of readers around the world. Antoine de Saint-Exup\u00e9ry, author of the famous &#8220;Little Prince&#8221;, is shown sitting pensively, with his young hero standing beside him, gazing out at the horizon together. This sculpture, installed in 2000 to mark the centenary of his birth, perfectly captures the dreamy, adventurous spirit of Saint-Ex, as the Lyonnais affectionately call him.<\/p>\n\t\t\t<\/div>\n\t\t\t<svg class=\"faq__toggle-icon\" xmlns=\"http:\/\/www.w3.org\/2000\/svg\" width=\"16\" height=\"10\" viewBox=\"0 0 16 10\"\n\t\t\t\tfill=\"none\">\n\t\t\t\t<path d=\"M15 1L8 8L1 0.999999\" stroke=\"#3C3B3A\" stroke-width=\"2\" \/>\n\t\t\t<\/svg>\n\t\t<\/div>\n\t\t\t<\/div>\n\t\t<\/section>\n<\/div>\n\n\n\n<\/section>\n\n\t<section\n\t\tstyle=\"padding-top:var(--wp--preset--spacing--theme-default);padding-bottom:var(--wp--preset--spacing--theme-default);\" class=\"double-columns wp-block-acf-double-columns has-background has-white-background-color has-global-padding is-layout-constrained wp-container-acf-double-columns-is-layout-a22d0bdd wp-block-acf-double-columns-is-layout-constrained\"\t>\n\n<div class=\"double-columns__innerblocks\">\n\n<div class=\"wp-block-group is-vertical is-content-justification-left is-layout-flex wp-container-core-group-is-layout-58227553 wp-block-group-is-layout-flex\">\n<h2 class=\"wp-block-heading has-text-align-center\">A place<em><mark class=\"has-inline-color has-secondary-color\"> for events<\/mark><\/em><\/h2>\n\n\n\n<p>It&#8217;s much more than a vast space in the heart of Lyon: it&#8217;s the living theater of a thousand and one events that punctuate the life of the city. Throughout the year, it transforms and comes alive with the seasons and festivities.<\/p>\n\n\n\n<p>In winter, the magic of Christmas invades Bellecour, with its market, its magical illuminations and, of course, its famous Ferris wheel offering a breathtaking view of Lyon. In spring, the square hosts open-air concerts, street performances and even sporting events such as the start and finish of running races.<\/p>\n\n\n\n<p>In summer, Bellecour becomes a playground for music festivals and open-air cinema screenings. Food trucks and ice cream stands abound, creating a friendly, gourmet atmosphere. In autumn, don&#8217;t miss the F\u00eate des Lumi\u00e8res, when the Place Bellecour is adorned with splendid light installations that attract visitors from all over the world.<\/p>\n<\/div>\n\n\n\n<div class=\"wp-block-group is-layout-flow wp-block-group-is-layout-flow\">\n<figure class=\"wp-block-image size-full image-is-animate\"><img decoding=\"async\" width=\"720\" height=\"1080\" src=\"https:\/\/globeetcecilhotel.com\/wp-content\/uploads\/sites\/2\/2025\/03\/Place_Bellecour_lyon3.jpg\" alt=\"\" class=\"wp-image-572\" style=\"aspect-ratio:3\/4;object-fit:cover\" srcset=\"https:\/\/globeetcecilhotel.com\/wp-content\/uploads\/sites\/2\/2025\/03\/Place_Bellecour_lyon3.jpg 720w, https:\/\/globeetcecilhotel.com\/wp-content\/uploads\/sites\/2\/2025\/03\/Place_Bellecour_lyon3-200x300.jpg 200w, https:\/\/globeetcecilhotel.com\/wp-content\/uploads\/sites\/2\/2025\/03\/Place_Bellecour_lyon3-683x1024.jpg 683w\" sizes=\"(max-width: 720px) 100vw, 720px\" \/><\/figure>\n<\/div>\n\n<\/div>\n\n<\/section>\n\n\t<section\n\t\tstyle=\"padding-top:var(--wp--preset--spacing--theme-default);padding-bottom:var(--wp--preset--spacing--theme-default);\" class=\"double-columns double-columns-reverse_colums_mobile wp-block-acf-double-columns has-background has-white-100-background-color has-global-padding is-layout-constrained wp-container-acf-double-columns-is-layout-a22d0bdd wp-block-acf-double-columns-is-layout-constrained\"\t>\n\n<div class=\"double-columns__innerblocks\">\n\n<div class=\"wp-block-group is-layout-flow wp-block-group-is-layout-flow\">\n<figure class=\"wp-block-image size-full image-is-animate\"><img decoding=\"async\" width=\"720\" height=\"1080\" src=\"https:\/\/globeetcecilhotel.com\/wp-content\/uploads\/sites\/2\/2025\/03\/lyon_que_faire_visiter14.jpg\" alt=\"\" class=\"wp-image-535\" style=\"aspect-ratio:3\/4;object-fit:cover\" title=\"\" srcset=\"https:\/\/globeetcecilhotel.com\/wp-content\/uploads\/sites\/2\/2025\/03\/lyon_que_faire_visiter14.jpg 720w, https:\/\/globeetcecilhotel.com\/wp-content\/uploads\/sites\/2\/2025\/03\/lyon_que_faire_visiter14-200x300.jpg 200w, https:\/\/globeetcecilhotel.com\/wp-content\/uploads\/sites\/2\/2025\/03\/lyon_que_faire_visiter14-683x1024.jpg 683w\" sizes=\"(max-width: 720px) 100vw, 720px\" \/><\/figure>\n<\/div>\n\n\n\n<div class=\"wp-block-group is-vertical is-content-justification-left is-layout-flex wp-container-core-group-is-layout-b21d21b4 wp-block-group-is-layout-flex\">\n<h2 class=\"wp-block-heading has-text-align-center\">Come aboard<em><mark class=\"has-inline-color has-secondary-color\"> aboard<\/mark><\/em> the Lyon City Bus<\/h2>\n\n\n\n<p>The Lyon City Bus is like a cab for the curious and those who love discovery! This double-decker sightseeing bus offers a complete, personalized tour of Lyon, with panoramic views from its open roof. You can hop on and off at will at various strategic stops, including Place Bellecour, of course, but also Fourvi\u00e8re hill, Vieux Lyon and Parc de la T\u00eate d&#8217;Or. A word of advice: don&#8217;t forget your camera, as the panoramic views from the top of the bus are well worth the detour!<\/p>\n<\/div>\n\n<\/div>\n\n<\/section>\n\n\t<section\n\t\tstyle=\"padding-top:var(--wp--preset--spacing--theme-default);padding-bottom:0;\" class=\"block-container align wp-block-acf-block-container has-background has-white-background-color is-layout-flow wp-block-acf-block-container-is-layout-flow\"\t>\n\n\t\n\n<div class=\"wp-block-group has-global-padding is-layout-constrained wp-block-group-is-layout-constrained\">\n<h3 class=\"wp-block-heading has-text-align-left\"><strong>To<\/strong>find out more: go to the tourist office!<\/h3>\n\n\n\n<p>Need expert advice on the best bouchon restaurants, must-see tours or current events? The experts at the Tourist Office are there to answer all your questions and put together a program tailored to your needs. What&#8217;s more, it&#8217;s the ideal place to find tickets for top attractions such as the Mus\u00e9e des Confluences, organize a themed guided tour or even book a cruise on the Sa\u00f4ne.  <br\/><\/p>\n<\/div>\n\n\n\n<\/section>\n\n\t<section\n\t\tstyle=\"padding-top:var(--wp--preset--spacing--theme-default);padding-bottom:var(--wp--preset--spacing--theme-default);\" class=\"block-container align wp-block-acf-block-container has-background has-white-background-color has-global-padding is-layout-constrained wp-container-acf-block-container-is-layout-d3fafd11 wp-block-acf-block-container-is-layout-constrained\"\t>\n\n\t\n\n<div class=\"wp-block-group has-global-padding is-layout-constrained wp-block-group-is-layout-constrained\">\n<figure class=\"wp-block-image aligncenter size-full\"><img decoding=\"async\" width=\"350\" height=\"350\" src=\"https:\/\/globeetcecilhotel.com\/wp-content\/uploads\/sites\/2\/2025\/04\/OURS-1.png\" alt=\"\" class=\"wp-image-2304\" srcset=\"https:\/\/globeetcecilhotel.com\/wp-content\/uploads\/sites\/2\/2025\/04\/OURS-1.png 350w, https:\/\/globeetcecilhotel.com\/wp-content\/uploads\/sites\/2\/2025\/04\/OURS-1-300x300.png 300w\" sizes=\"(max-width: 350px) 100vw, 350px\" \/><\/figure>\n\n\n\n<h2 class=\"wp-block-heading has-text-align-center\" style=\"padding-top:var(--wp--preset--spacing--theme-s);padding-bottom:var(--wp--preset--spacing--theme-m)\"><mark class=\"has-inline-color has-secondary-color\">Getting<\/mark> to Place Bellecour<\/h2>\n\n\n\n<section id=\"\" class=\"align wp-block-acf-faq\">\n\t\n\t\t<div class=\"faq\">\n\t\t\t\t<div class=\"faq__item\">\n\t\t\t<div class=\"faq__question\" data-index=\"0\">\n\t\t\t\t<span class=\"faq__question-text faq__question-font-title\">From Part Dieu station, by metro<\/span>\n\t\t\t<\/div>\n\t\t\t<div class=\"faq__answer\">\n\t\t\t\t<p>Take metro line B towards &#8220;Stade de Gerland&#8221; and get off at &#8220;Saxe-Gambetta&#8221; station. Here, change to line D for &#8220;Gare de Vaise&#8221; and get off at &#8220;Bellecour&#8221; station. Place Bellecour is just a few minutes&#8217; walk from the station.<\/p>\n\t\t\t<\/div>\n\t\t\t<svg class=\"faq__toggle-icon\" xmlns=\"http:\/\/www.w3.org\/2000\/svg\" width=\"16\" height=\"10\" viewBox=\"0 0 16 10\"\n\t\t\t\tfill=\"none\">\n\t\t\t\t<path d=\"M15 1L8 8L1 0.999999\" stroke=\"#3C3B3A\" stroke-width=\"2\" \/>\n\t\t\t<\/svg>\n\t\t<\/div>\n\t\t\t\t<div class=\"faq__item\">\n\t\t\t<div class=\"faq__question\" data-index=\"1\">\n\t\t\t\t<span class=\"faq__question-text faq__question-font-title\">From Part Dieu station, by tramway<\/span>\n\t\t\t<\/div>\n\t\t\t<div class=\"faq__answer\">\n\t\t\t\t<p>Take streetcar T1 towards &#8220;Debourg&#8221; from Part Dieu station, and get off at &#8220;Libert\u00e9&#8221; station. Then take streetcar T2 towards &#8220;Perrache&#8221; and get off at &#8220;Perrache&#8221; station. Place Bellecour is a 10-minute walk from Perrache station.<\/p>\n\t\t\t<\/div>\n\t\t\t<svg class=\"faq__toggle-icon\" xmlns=\"http:\/\/www.w3.org\/2000\/svg\" width=\"16\" height=\"10\" viewBox=\"0 0 16 10\"\n\t\t\t\tfill=\"none\">\n\t\t\t\t<path d=\"M15 1L8 8L1 0.999999\" stroke=\"#3C3B3A\" stroke-width=\"2\" \/>\n\t\t\t<\/svg>\n\t\t<\/div>\n\t\t\t\t<div class=\"faq__item\">\n\t\t\t<div class=\"faq__question\" data-index=\"2\">\n\t\t\t\t<span class=\"faq__question-text faq__question-font-title\">From Perrache station, by metro<\/span>\n\t\t\t<\/div>\n\t\t\t<div class=\"faq__answer\">\n\t\t\t\t<p>From Perrache station, take metro line A towards &#8220;Vaulx-en-Velin La Soie&#8221; and get off at &#8220;Bellecour&#8221; station. Place Bellecour is within walking distance of the station.<\/p>\n\t\t\t<\/div>\n\t\t\t<svg class=\"faq__toggle-icon\" xmlns=\"http:\/\/www.w3.org\/2000\/svg\" width=\"16\" height=\"10\" viewBox=\"0 0 16 10\"\n\t\t\t\tfill=\"none\">\n\t\t\t\t<path d=\"M15 1L8 8L1 0.999999\" stroke=\"#3C3B3A\" stroke-width=\"2\" \/>\n\t\t\t<\/svg>\n\t\t<\/div>\n\t\t\t\t<div class=\"faq__item\">\n\t\t\t<div class=\"faq__question\" data-index=\"3\">\n\t\t\t\t<span class=\"faq__question-text faq__question-font-title\">From Perrache station, on foot<\/span>\n\t\t\t<\/div>\n\t\t\t<div class=\"faq__answer\">\n\t\t\t\t<p>Place Bellecour is a 10-minute walk from Perrache station. Leaving the station, take rue Victor Hugo, go straight on to the Guilloti\u00e8re bridge, then cross the bridge to reach place Bellecour.<\/p>\n\t\t\t<\/div>\n\t\t\t<svg class=\"faq__toggle-icon\" xmlns=\"http:\/\/www.w3.org\/2000\/svg\" width=\"16\" height=\"10\" viewBox=\"0 0 16 10\"\n\t\t\t\tfill=\"none\">\n\t\t\t\t<path d=\"M15 1L8 8L1 0.999999\" stroke=\"#3C3B3A\" stroke-width=\"2\" \/>\n\t\t\t<\/svg>\n\t\t<\/div>\n\t\t\t<\/div>\n\t\t<\/section>\n\n\n\n<p><\/p>\n\n\n\n<p>In short, whether you choose to take the metro, streetcar or on foot, you have several convenient options for getting to Place Bellecour from Lyon&#8217;s Part Dieu and Perrache stations.<\/p>\n<\/div>\n\n\n\n<\/section>\n\n\t<section\n\t\tstyle=\"padding-top:var(--wp--preset--spacing--theme-default);padding-bottom:var(--wp--preset--spacing--theme-default);\" class=\"block-container align wp-block-acf-block-container has-background has-white-100-background-color has-global-padding is-layout-constrained wp-container-acf-block-container-is-layout-89fc666d wp-block-acf-block-container-is-layout-constrained\"\t>\n\n\t\n\n<h3 class=\"wp-block-heading has-text-align-center\">Want to visit other parts of Lyon Bellecour? Here&#8217;s our selection of must-see places, stores and specialities.<\/h3>\n\n\n\n<div class=\"wp-block-buttons is-content-justification-center is-layout-flex wp-container-core-buttons-is-layout-a89b3969 wp-block-buttons-is-layout-flex\">\n<div class=\"wp-block-button is-style-label-button is-style-label-button--1\"><a class=\"wp-block-button__link wp-element-button\" href=\"https:\/\/globeetcecilhotel.com\/en\/bellecour-district\/\">Visit Lyon Bellecour<\/a><\/div>\n<\/div>\n\n\n\n<\/section>\n\n<div class=\"wp-block-group has-white-background-color has-background is-content-justification-space-between is-nowrap is-layout-flex wp-container-core-group-is-layout-098ab513 wp-block-group-is-layout-flex\" style=\"padding-top:var(--wp--preset--spacing--theme-m);padding-right:var(--wp--preset--spacing--theme-s);padding-bottom:var(--wp--preset--spacing--theme-m);padding-left:var(--wp--preset--spacing--theme-s)\">\n\n<\/div>\n","protected":false},"excerpt":{"rendered":"<p>At the heart of Lyon, Place Bellecour is the city&#8217;s vibrant lungs! Imagine a place where history, culture and relaxation meet in a typically Lyonnais atmosphere.  <\/p>\n","protected":false},"author":2,"featured_media":4358,"comment_status":"open","ping_status":"open","sticky":false,"template":"","format":"standard","meta":{"_acf_changed":false,"inline_featured_image":false,"footnotes":""},"categories":[20],"tags":[],"class_list":["post-1844","post","type-post","status-publish","format-standard","has-post-thumbnail","hentry","category-cultural-visits"],"acf":[],"yoast_head":"<!-- This site is optimized with the Yoast SEO plugin v27.4 - https:\/\/yoast.com\/product\/yoast-seo-wordpress\/ -->\n<title>Place Bellecour: a must-see in Lyon - Globe Cecil<\/title>\n<meta name=\"description\" content=\"Globe &amp; Cecil - Place Bellecour: a must-see in Lyon . At the heart of Lyon, Place Bellecour is the city&#039;s vibrant lungs! Imagine a place where history, culture and relaxation meet in a typically Lyonnais atmosphere.\" \/>\n<meta name=\"robots\" content=\"index, follow, max-snippet:-1, max-image-preview:large, max-video-preview:-1\" \/>\n<link rel=\"canonical\" href=\"https:\/\/globeetcecilhotel.com\/en\/bellecour-district\/la-place-bellecour-un-incontournable-de-lyon-a-visiter\/\" \/>\n<meta property=\"og:locale\" content=\"en_US\" \/>\n<meta property=\"og:type\" content=\"article\" \/>\n<meta property=\"og:title\" content=\"Place Bellecour: a must-see in Lyon - Globe Cecil\" \/>\n<meta property=\"og:description\" content=\"Globe &amp; Cecil - Place Bellecour: a must-see in Lyon . At the heart of Lyon, Place Bellecour is the city&#039;s vibrant lungs! Imagine a place where history, culture and relaxation meet in a typically Lyonnais atmosphere.\" \/>\n<meta property=\"og:url\" content=\"https:\/\/globeetcecilhotel.com\/en\/bellecour-district\/la-place-bellecour-un-incontournable-de-lyon-a-visiter\/\" \/>\n<meta property=\"og:site_name\" content=\"Globe Cecil\" \/>\n<meta property=\"article:published_time\" content=\"2025-03-06T10:39:56+00:00\" \/>\n<meta property=\"article:modified_time\" content=\"2026-04-17T07:17:56+00:00\" \/>\n<meta property=\"og:image\" content=\"https:\/\/globeetcecilhotel.com\/wp-content\/uploads\/sites\/2\/2025\/03\/Evalqt_1806.jpg\" \/>\n\t<meta property=\"og:image:width\" content=\"1365\" \/>\n\t<meta property=\"og:image:height\" content=\"2048\" \/>\n\t<meta property=\"og:image:type\" content=\"image\/jpeg\" \/>\n<meta name=\"author\" content=\"flachize\" \/>\n<meta name=\"twitter:card\" content=\"summary_large_image\" \/>\n<meta name=\"twitter:label1\" content=\"Written by\" \/>\n\t<meta name=\"twitter:data1\" content=\"flachize\" \/>\n\t<meta name=\"twitter:label2\" content=\"Est. reading time\" \/>\n\t<meta name=\"twitter:data2\" content=\"3 minutes\" \/>\n<script type=\"application\/ld+json\" class=\"yoast-schema-graph\">{\"@context\":\"https:\\\/\\\/schema.org\",\"@graph\":[{\"@type\":\"Article\",\"@id\":\"https:\\\/\\\/globeetcecilhotel.com\\\/en\\\/bellecour-district\\\/la-place-bellecour-un-incontournable-de-lyon-a-visiter\\\/#article\",\"isPartOf\":{\"@id\":\"https:\\\/\\\/globeetcecilhotel.com\\\/en\\\/bellecour-district\\\/la-place-bellecour-un-incontournable-de-lyon-a-visiter\\\/\"},\"author\":{\"name\":\"flachize\",\"@id\":\"https:\\\/\\\/globeetcecilhotel.com\\\/en\\\/#\\\/schema\\\/person\\\/b3c9e279ff8ec8845926b6b9f54fbdb9\"},\"headline\":\"Place Bellecour: a must-see in Lyon\",\"datePublished\":\"2025-03-06T10:39:56+00:00\",\"dateModified\":\"2026-04-17T07:17:56+00:00\",\"mainEntityOfPage\":{\"@id\":\"https:\\\/\\\/globeetcecilhotel.com\\\/en\\\/bellecour-district\\\/la-place-bellecour-un-incontournable-de-lyon-a-visiter\\\/\"},\"wordCount\":553,\"commentCount\":0,\"publisher\":{\"@id\":\"https:\\\/\\\/globeetcecilhotel.com\\\/en\\\/#organization\"},\"image\":{\"@id\":\"https:\\\/\\\/globeetcecilhotel.com\\\/en\\\/bellecour-district\\\/la-place-bellecour-un-incontournable-de-lyon-a-visiter\\\/#primaryimage\"},\"thumbnailUrl\":\"https:\\\/\\\/globeetcecilhotel.com\\\/wp-content\\\/uploads\\\/sites\\\/2\\\/2025\\\/03\\\/Evalqt_1806.jpg\",\"articleSection\":[\"Visite culturelle\"],\"inLanguage\":\"en-US\",\"potentialAction\":[{\"@type\":\"CommentAction\",\"name\":\"Comment\",\"target\":[\"https:\\\/\\\/globeetcecilhotel.com\\\/en\\\/bellecour-district\\\/la-place-bellecour-un-incontournable-de-lyon-a-visiter\\\/#respond\"]}]},{\"@type\":\"WebPage\",\"@id\":\"https:\\\/\\\/globeetcecilhotel.com\\\/en\\\/bellecour-district\\\/la-place-bellecour-un-incontournable-de-lyon-a-visiter\\\/\",\"url\":\"https:\\\/\\\/globeetcecilhotel.com\\\/en\\\/bellecour-district\\\/la-place-bellecour-un-incontournable-de-lyon-a-visiter\\\/\",\"name\":\"Place Bellecour: a must-see in Lyon - Globe Cecil\",\"isPartOf\":{\"@id\":\"https:\\\/\\\/globeetcecilhotel.com\\\/en\\\/#website\"},\"primaryImageOfPage\":{\"@id\":\"https:\\\/\\\/globeetcecilhotel.com\\\/en\\\/bellecour-district\\\/la-place-bellecour-un-incontournable-de-lyon-a-visiter\\\/#primaryimage\"},\"image\":{\"@id\":\"https:\\\/\\\/globeetcecilhotel.com\\\/en\\\/bellecour-district\\\/la-place-bellecour-un-incontournable-de-lyon-a-visiter\\\/#primaryimage\"},\"thumbnailUrl\":\"https:\\\/\\\/globeetcecilhotel.com\\\/wp-content\\\/uploads\\\/sites\\\/2\\\/2025\\\/03\\\/Evalqt_1806.jpg\",\"datePublished\":\"2025-03-06T10:39:56+00:00\",\"dateModified\":\"2026-04-17T07:17:56+00:00\",\"description\":\"Globe & Cecil - Place Bellecour: a must-see in Lyon . At the heart of Lyon, Place Bellecour is the city's vibrant lungs! Imagine a place where history, culture and relaxation meet in a typically Lyonnais atmosphere.\",\"breadcrumb\":{\"@id\":\"https:\\\/\\\/globeetcecilhotel.com\\\/en\\\/bellecour-district\\\/la-place-bellecour-un-incontournable-de-lyon-a-visiter\\\/#breadcrumb\"},\"inLanguage\":\"en-US\",\"potentialAction\":[{\"@type\":\"ReadAction\",\"target\":[\"https:\\\/\\\/globeetcecilhotel.com\\\/en\\\/bellecour-district\\\/la-place-bellecour-un-incontournable-de-lyon-a-visiter\\\/\"]}]},{\"@type\":\"ImageObject\",\"inLanguage\":\"en-US\",\"@id\":\"https:\\\/\\\/globeetcecilhotel.com\\\/en\\\/bellecour-district\\\/la-place-bellecour-un-incontournable-de-lyon-a-visiter\\\/#primaryimage\",\"url\":\"https:\\\/\\\/globeetcecilhotel.com\\\/wp-content\\\/uploads\\\/sites\\\/2\\\/2025\\\/03\\\/Evalqt_1806.jpg\",\"contentUrl\":\"https:\\\/\\\/globeetcecilhotel.com\\\/wp-content\\\/uploads\\\/sites\\\/2\\\/2025\\\/03\\\/Evalqt_1806.jpg\",\"width\":1365,\"height\":2048,\"caption\":\"Evalqt 1806\"},{\"@type\":\"BreadcrumbList\",\"@id\":\"https:\\\/\\\/globeetcecilhotel.com\\\/en\\\/bellecour-district\\\/la-place-bellecour-un-incontournable-de-lyon-a-visiter\\\/#breadcrumb\",\"itemListElement\":[{\"@type\":\"ListItem\",\"position\":1,\"name\":\"Home\",\"item\":\"https:\\\/\\\/globeetcecilhotel.com\\\/en\\\/\"},{\"@type\":\"ListItem\",\"position\":2,\"name\":\"Visite culturelle\",\"item\":\"https:\\\/\\\/globeetcecilhotel.com\\\/en\\\/le-quartier-bellecour\\\/cultural-visits\\\/\"},{\"@type\":\"ListItem\",\"position\":3,\"name\":\"Place Bellecour: a must-see in Lyon\"}]},{\"@type\":\"WebSite\",\"@id\":\"https:\\\/\\\/globeetcecilhotel.com\\\/en\\\/#website\",\"url\":\"https:\\\/\\\/globeetcecilhotel.com\\\/en\\\/\",\"name\":\"Globe Cecil\",\"description\":\"H\u00f4tel 4 \u00e9toiles \u00e0 Lyon\",\"publisher\":{\"@id\":\"https:\\\/\\\/globeetcecilhotel.com\\\/en\\\/#organization\"},\"potentialAction\":[{\"@type\":\"SearchAction\",\"target\":{\"@type\":\"EntryPoint\",\"urlTemplate\":\"https:\\\/\\\/globeetcecilhotel.com\\\/en\\\/?s={search_term_string}\"},\"query-input\":{\"@type\":\"PropertyValueSpecification\",\"valueRequired\":true,\"valueName\":\"search_term_string\"}}],\"inLanguage\":\"en-US\"},{\"@type\":\"Organization\",\"@id\":\"https:\\\/\\\/globeetcecilhotel.com\\\/en\\\/#organization\",\"name\":\"Globe Cecil\",\"url\":\"https:\\\/\\\/globeetcecilhotel.com\\\/en\\\/\",\"logo\":{\"@type\":\"ImageObject\",\"inLanguage\":\"en-US\",\"@id\":\"https:\\\/\\\/globeetcecilhotel.com\\\/en\\\/#\\\/schema\\\/logo\\\/image\\\/\",\"url\":\"https:\\\/\\\/globeetcecilhotel.com\\\/wp-content\\\/uploads\\\/sites\\\/2\\\/2025\\\/03\\\/LOGO-Globe-et-Cecil.svg\",\"contentUrl\":\"https:\\\/\\\/globeetcecilhotel.com\\\/wp-content\\\/uploads\\\/sites\\\/2\\\/2025\\\/03\\\/LOGO-Globe-et-Cecil.svg\",\"width\":108,\"height\":44,\"caption\":\"Globe Cecil\"},\"image\":{\"@id\":\"https:\\\/\\\/globeetcecilhotel.com\\\/en\\\/#\\\/schema\\\/logo\\\/image\\\/\"}},{\"@type\":\"Person\",\"@id\":\"https:\\\/\\\/globeetcecilhotel.com\\\/en\\\/#\\\/schema\\\/person\\\/b3c9e279ff8ec8845926b6b9f54fbdb9\",\"name\":\"flachize\",\"image\":{\"@type\":\"ImageObject\",\"inLanguage\":\"en-US\",\"@id\":\"https:\\\/\\\/secure.gravatar.com\\\/avatar\\\/24f0361cf67c21d4fae1db71b0897ec099d5f1fe2ef60420e3cd59b175a66e40?s=96&d=mm&r=g\",\"url\":\"https:\\\/\\\/secure.gravatar.com\\\/avatar\\\/24f0361cf67c21d4fae1db71b0897ec099d5f1fe2ef60420e3cd59b175a66e40?s=96&d=mm&r=g\",\"contentUrl\":\"https:\\\/\\\/secure.gravatar.com\\\/avatar\\\/24f0361cf67c21d4fae1db71b0897ec099d5f1fe2ef60420e3cd59b175a66e40?s=96&d=mm&r=g\",\"caption\":\"flachize\"},\"url\":\"https:\\\/\\\/globeetcecilhotel.com\\\/en\\\/author\\\/flachize\\\/\"}]}<\/script>\n<!-- \/ Yoast SEO plugin. -->","yoast_head_json":{"title":"Place Bellecour: a must-see in Lyon - Globe Cecil","description":"Globe & Cecil - Place Bellecour: a must-see in Lyon . At the heart of Lyon, Place Bellecour is the city's vibrant lungs! Imagine a place where history, culture and relaxation meet in a typically Lyonnais atmosphere.","robots":{"index":"index","follow":"follow","max-snippet":"max-snippet:-1","max-image-preview":"max-image-preview:large","max-video-preview":"max-video-preview:-1"},"canonical":"https:\/\/globeetcecilhotel.com\/en\/bellecour-district\/la-place-bellecour-un-incontournable-de-lyon-a-visiter\/","og_locale":"en_US","og_type":"article","og_title":"Place Bellecour: a must-see in Lyon - Globe Cecil","og_description":"Globe & Cecil - Place Bellecour: a must-see in Lyon . At the heart of Lyon, Place Bellecour is the city's vibrant lungs! Imagine a place where history, culture and relaxation meet in a typically Lyonnais atmosphere.","og_url":"https:\/\/globeetcecilhotel.com\/en\/bellecour-district\/la-place-bellecour-un-incontournable-de-lyon-a-visiter\/","og_site_name":"Globe Cecil","article_published_time":"2025-03-06T10:39:56+00:00","article_modified_time":"2026-04-17T07:17:56+00:00","og_image":[{"width":1365,"height":2048,"url":"https:\/\/globeetcecilhotel.com\/wp-content\/uploads\/sites\/2\/2025\/03\/Evalqt_1806.jpg","type":"image\/jpeg"}],"author":"flachize","twitter_card":"summary_large_image","twitter_misc":{"Written by":"flachize","Est. reading time":"3 minutes"},"schema":{"@context":"https:\/\/schema.org","@graph":[{"@type":"Article","@id":"https:\/\/globeetcecilhotel.com\/en\/bellecour-district\/la-place-bellecour-un-incontournable-de-lyon-a-visiter\/#article","isPartOf":{"@id":"https:\/\/globeetcecilhotel.com\/en\/bellecour-district\/la-place-bellecour-un-incontournable-de-lyon-a-visiter\/"},"author":{"name":"flachize","@id":"https:\/\/globeetcecilhotel.com\/en\/#\/schema\/person\/b3c9e279ff8ec8845926b6b9f54fbdb9"},"headline":"Place Bellecour: a must-see in Lyon","datePublished":"2025-03-06T10:39:56+00:00","dateModified":"2026-04-17T07:17:56+00:00","mainEntityOfPage":{"@id":"https:\/\/globeetcecilhotel.com\/en\/bellecour-district\/la-place-bellecour-un-incontournable-de-lyon-a-visiter\/"},"wordCount":553,"commentCount":0,"publisher":{"@id":"https:\/\/globeetcecilhotel.com\/en\/#organization"},"image":{"@id":"https:\/\/globeetcecilhotel.com\/en\/bellecour-district\/la-place-bellecour-un-incontournable-de-lyon-a-visiter\/#primaryimage"},"thumbnailUrl":"https:\/\/globeetcecilhotel.com\/wp-content\/uploads\/sites\/2\/2025\/03\/Evalqt_1806.jpg","articleSection":["Visite culturelle"],"inLanguage":"en-US","potentialAction":[{"@type":"CommentAction","name":"Comment","target":["https:\/\/globeetcecilhotel.com\/en\/bellecour-district\/la-place-bellecour-un-incontournable-de-lyon-a-visiter\/#respond"]}]},{"@type":"WebPage","@id":"https:\/\/globeetcecilhotel.com\/en\/bellecour-district\/la-place-bellecour-un-incontournable-de-lyon-a-visiter\/","url":"https:\/\/globeetcecilhotel.com\/en\/bellecour-district\/la-place-bellecour-un-incontournable-de-lyon-a-visiter\/","name":"Place Bellecour: a must-see in Lyon - Globe Cecil","isPartOf":{"@id":"https:\/\/globeetcecilhotel.com\/en\/#website"},"primaryImageOfPage":{"@id":"https:\/\/globeetcecilhotel.com\/en\/bellecour-district\/la-place-bellecour-un-incontournable-de-lyon-a-visiter\/#primaryimage"},"image":{"@id":"https:\/\/globeetcecilhotel.com\/en\/bellecour-district\/la-place-bellecour-un-incontournable-de-lyon-a-visiter\/#primaryimage"},"thumbnailUrl":"https:\/\/globeetcecilhotel.com\/wp-content\/uploads\/sites\/2\/2025\/03\/Evalqt_1806.jpg","datePublished":"2025-03-06T10:39:56+00:00","dateModified":"2026-04-17T07:17:56+00:00","description":"Globe & Cecil - Place Bellecour: a must-see in Lyon . At the heart of Lyon, Place Bellecour is the city's vibrant lungs! Imagine a place where history, culture and relaxation meet in a typically Lyonnais atmosphere.","breadcrumb":{"@id":"https:\/\/globeetcecilhotel.com\/en\/bellecour-district\/la-place-bellecour-un-incontournable-de-lyon-a-visiter\/#breadcrumb"},"inLanguage":"en-US","potentialAction":[{"@type":"ReadAction","target":["https:\/\/globeetcecilhotel.com\/en\/bellecour-district\/la-place-bellecour-un-incontournable-de-lyon-a-visiter\/"]}]},{"@type":"ImageObject","inLanguage":"en-US","@id":"https:\/\/globeetcecilhotel.com\/en\/bellecour-district\/la-place-bellecour-un-incontournable-de-lyon-a-visiter\/#primaryimage","url":"https:\/\/globeetcecilhotel.com\/wp-content\/uploads\/sites\/2\/2025\/03\/Evalqt_1806.jpg","contentUrl":"https:\/\/globeetcecilhotel.com\/wp-content\/uploads\/sites\/2\/2025\/03\/Evalqt_1806.jpg","width":1365,"height":2048,"caption":"Evalqt 1806"},{"@type":"BreadcrumbList","@id":"https:\/\/globeetcecilhotel.com\/en\/bellecour-district\/la-place-bellecour-un-incontournable-de-lyon-a-visiter\/#breadcrumb","itemListElement":[{"@type":"ListItem","position":1,"name":"Home","item":"https:\/\/globeetcecilhotel.com\/en\/"},{"@type":"ListItem","position":2,"name":"Visite culturelle","item":"https:\/\/globeetcecilhotel.com\/en\/le-quartier-bellecour\/cultural-visits\/"},{"@type":"ListItem","position":3,"name":"Place Bellecour: a must-see in Lyon"}]},{"@type":"WebSite","@id":"https:\/\/globeetcecilhotel.com\/en\/#website","url":"https:\/\/globeetcecilhotel.com\/en\/","name":"Globe Cecil","description":"H\u00f4tel 4 \u00e9toiles \u00e0 Lyon","publisher":{"@id":"https:\/\/globeetcecilhotel.com\/en\/#organization"},"potentialAction":[{"@type":"SearchAction","target":{"@type":"EntryPoint","urlTemplate":"https:\/\/globeetcecilhotel.com\/en\/?s={search_term_string}"},"query-input":{"@type":"PropertyValueSpecification","valueRequired":true,"valueName":"search_term_string"}}],"inLanguage":"en-US"},{"@type":"Organization","@id":"https:\/\/globeetcecilhotel.com\/en\/#organization","name":"Globe Cecil","url":"https:\/\/globeetcecilhotel.com\/en\/","logo":{"@type":"ImageObject","inLanguage":"en-US","@id":"https:\/\/globeetcecilhotel.com\/en\/#\/schema\/logo\/image\/","url":"https:\/\/globeetcecilhotel.com\/wp-content\/uploads\/sites\/2\/2025\/03\/LOGO-Globe-et-Cecil.svg","contentUrl":"https:\/\/globeetcecilhotel.com\/wp-content\/uploads\/sites\/2\/2025\/03\/LOGO-Globe-et-Cecil.svg","width":108,"height":44,"caption":"Globe Cecil"},"image":{"@id":"https:\/\/globeetcecilhotel.com\/en\/#\/schema\/logo\/image\/"}},{"@type":"Person","@id":"https:\/\/globeetcecilhotel.com\/en\/#\/schema\/person\/b3c9e279ff8ec8845926b6b9f54fbdb9","name":"flachize","image":{"@type":"ImageObject","inLanguage":"en-US","@id":"https:\/\/secure.gravatar.com\/avatar\/24f0361cf67c21d4fae1db71b0897ec099d5f1fe2ef60420e3cd59b175a66e40?s=96&d=mm&r=g","url":"https:\/\/secure.gravatar.com\/avatar\/24f0361cf67c21d4fae1db71b0897ec099d5f1fe2ef60420e3cd59b175a66e40?s=96&d=mm&r=g","contentUrl":"https:\/\/secure.gravatar.com\/avatar\/24f0361cf67c21d4fae1db71b0897ec099d5f1fe2ef60420e3cd59b175a66e40?s=96&d=mm&r=g","caption":"flachize"},"url":"https:\/\/globeetcecilhotel.com\/en\/author\/flachize\/"}]}},"_links":{"self":[{"href":"https:\/\/globeetcecilhotel.com\/en\/wp-json\/wp\/v2\/posts\/1844","targetHints":{"allow":["GET"]}}],"collection":[{"href":"https:\/\/globeetcecilhotel.com\/en\/wp-json\/wp\/v2\/posts"}],"about":[{"href":"https:\/\/globeetcecilhotel.com\/en\/wp-json\/wp\/v2\/types\/post"}],"author":[{"embeddable":true,"href":"https:\/\/globeetcecilhotel.com\/en\/wp-json\/wp\/v2\/users\/2"}],"replies":[{"embeddable":true,"href":"https:\/\/globeetcecilhotel.com\/en\/wp-json\/wp\/v2\/comments?post=1844"}],"version-history":[{"count":10,"href":"https:\/\/globeetcecilhotel.com\/en\/wp-json\/wp\/v2\/posts\/1844\/revisions"}],"predecessor-version":[{"id":7756,"href":"https:\/\/globeetcecilhotel.com\/en\/wp-json\/wp\/v2\/posts\/1844\/revisions\/7756"}],"wp:featuredmedia":[{"embeddable":true,"href":"https:\/\/globeetcecilhotel.com\/en\/wp-json\/wp\/v2\/media\/4358"}],"wp:attachment":[{"href":"https:\/\/globeetcecilhotel.com\/en\/wp-json\/wp\/v2\/media?parent=1844"}],"wp:term":[{"taxonomy":"category","embeddable":true,"href":"https:\/\/globeetcecilhotel.com\/en\/wp-json\/wp\/v2\/categories?post=1844"},{"taxonomy":"post_tag","embeddable":true,"href":"https:\/\/globeetcecilhotel.com\/en\/wp-json\/wp\/v2\/tags?post=1844"}],"curies":[{"name":"wp","href":"https:\/\/api.w.org\/{rel}","templated":true}]}}