{"id":3147,"date":"2025-03-06T11:39:56","date_gmt":"2025-03-06T10:39:56","guid":{"rendered":"https:\/\/globeetcecilhotel.com\/plaza-bellecour-una-visita-obligada-en-lyon\/"},"modified":"2026-04-17T09:17:55","modified_gmt":"2026-04-17T07:17:55","slug":"plaza-bellecour-una-visita-obligada-en-lyon","status":"publish","type":"post","link":"https:\/\/globeetcecilhotel.com\/es\/barrio-bellecour\/plaza-bellecour-una-visita-obligada-en-lyon\/","title":{"rendered":"Plaza Bellecour: una visita obligada en Lyon"},"content":{"rendered":"\n<section class=\"heading wp-elements-81b61fc46b9ec550e061cae4205e8a91 wp-elements-81b61fc46b9ec550e061cae4205e8a91 wp-block-acf-heading has-text-color has-primary-color has-background has-white-100-background-color\">\n\t<div class=\"heading__container\">\n\t\t\t\t\t<div class=\"heading__background-picture\">\n\t\t\t\t<img decoding=\"async\" width=\"1620\" height=\"1080\" src=\"https:\/\/globeetcecilhotel.com\/wp-content\/uploads\/sites\/2\/2025\/03\/place_bellecour_lyon-1.jpg\" class=\"attachment-full size-full\" alt=\"place bellecour lyon 1\" fetchpriority=\"high\" srcset=\"https:\/\/globeetcecilhotel.com\/wp-content\/uploads\/sites\/2\/2025\/03\/place_bellecour_lyon-1.jpg 1620w, https:\/\/globeetcecilhotel.com\/wp-content\/uploads\/sites\/2\/2025\/03\/place_bellecour_lyon-1-300x200.jpg 300w, https:\/\/globeetcecilhotel.com\/wp-content\/uploads\/sites\/2\/2025\/03\/place_bellecour_lyon-1-1024x683.jpg 1024w, https:\/\/globeetcecilhotel.com\/wp-content\/uploads\/sites\/2\/2025\/03\/place_bellecour_lyon-1-768x512.jpg 768w, https:\/\/globeetcecilhotel.com\/wp-content\/uploads\/sites\/2\/2025\/03\/place_bellecour_lyon-1-1536x1024.jpg 1536w\" sizes=\"(max-width: 1620px) 100vw, 1620px\" \/>\t\t\t<\/div>\n\t\t\t\t<div class=\"heading__layout\">\n\t\t\t<div class=\"heading__content-wrapper has-white-100-background-color\">\n\t\t\t\t<div class=\"heading__content has-white-100-background-color\">\n\t\t\t\t\t\t\t\t\t<p id=\"breadcrumbs\"><span><span><a href=\"https:\/\/globeetcecilhotel.com\/es\/\">Accueil<\/a><\/span><\/span><\/p>\t\t\t\t\t\t\t\t\t<div class=\"acf-innerblocks-container\">\n\n<div class=\"wp-block-group heading-content-group is-layout-grid wp-container-core-group-is-layout-96b258e4 wp-block-group-is-layout-grid\">\n<h1 class=\"wp-block-heading has-text-align-left heading__title has-primary-color has-text-color has-xx-large-font-size\">Plaza Bellecour: una visita obligada en Lyon<\/h1>\n<\/div>\n\n<\/div>\n\t\t\t\t<\/div>\n\t\t\t\t\t\t\t<\/div>\n\t\t<\/div>\n\t<\/div>\n<\/section>\n\n\n\t<section\n\t\tstyle=\"padding-top:var(--wp--preset--spacing--theme-default);padding-bottom:var(--wp--preset--spacing--theme-default);\" class=\"double-columns wp-block-acf-double-columns has-background has-white-background-color has-global-padding is-layout-constrained wp-container-acf-double-columns-is-layout-a22d0bdd wp-block-acf-double-columns-is-layout-constrained\"\t>\n\n<div class=\"double-columns__innerblocks\">\n\n<div class=\"wp-block-group is-vertical is-content-justification-left is-layout-flex wp-container-core-group-is-layout-58227553 wp-block-group-is-layout-flex\">\n<h2 class=\"wp-block-heading has-text-align-center\"><strong>Suba a bordo de la Grande-Roue para disfrutar de una vista excepcional<\/strong><em><mark class=\"has-inline-color has-secondary-color\"> una vista excepcional<\/mark><\/em><\/h2>\n\n\n\n<p>La noria de Lyon es de visita obligada y promete una experiencia vertiginosa e inolvidable. Cada invierno, se alza orgullosa al final de la plaza, a\u00f1adiendo un toque de magia para grandes y peque\u00f1os. Suba a bordo y d\u00e9jese llevar hasta la cima para admirar una impresionante panor\u00e1mica de Lyon y sus alrededores, con la bas\u00edlica de Fourvi\u00e8re al fondo.<\/p>\n<\/div>\n\n\n\n<div class=\"wp-block-group is-layout-flow wp-block-group-is-layout-flow\">\n<figure class=\"wp-block-image size-full image-is-animate\"><img decoding=\"async\" width=\"720\" height=\"1080\" src=\"https:\/\/globeetcecilhotel.com\/wp-content\/uploads\/sites\/2\/2025\/03\/Place_Bellecour_lyon.jpg\" alt=\"\" class=\"wp-image-568\" style=\"aspect-ratio:3\/4;object-fit:cover\" srcset=\"https:\/\/globeetcecilhotel.com\/wp-content\/uploads\/sites\/2\/2025\/03\/Place_Bellecour_lyon.jpg 720w, https:\/\/globeetcecilhotel.com\/wp-content\/uploads\/sites\/2\/2025\/03\/Place_Bellecour_lyon-200x300.jpg 200w, https:\/\/globeetcecilhotel.com\/wp-content\/uploads\/sites\/2\/2025\/03\/Place_Bellecour_lyon-683x1024.jpg 683w\" sizes=\"(max-width: 720px) 100vw, 720px\" \/><\/figure>\n<\/div>\n\n<\/div>\n\n<\/section>\n\n\t<section\n\t\tstyle=\"padding-top:var(--wp--preset--spacing--theme-default);padding-bottom:var(--wp--preset--spacing--theme-default);\" class=\"block-container align wp-block-acf-block-container has-background has-white-100-background-color has-global-padding is-layout-constrained wp-container-acf-block-container-is-layout-d3fafd11 wp-block-acf-block-container-is-layout-constrained\"\t>\n\n\t\n\n<div class=\"wp-block-group has-global-padding is-layout-constrained wp-container-core-group-is-layout-30cbf03a wp-block-group-is-layout-constrained\">\n<figure class=\"wp-block-image aligncenter size-full\"><img decoding=\"async\" width=\"350\" height=\"350\" src=\"https:\/\/globeetcecilhotel.com\/wp-content\/uploads\/sites\/2\/2025\/04\/STATUE-BELLECOUR-BEIGE.jpg\" alt=\"\" class=\"wp-image-2602\" srcset=\"https:\/\/globeetcecilhotel.com\/wp-content\/uploads\/sites\/2\/2025\/04\/STATUE-BELLECOUR-BEIGE.jpg 350w, https:\/\/globeetcecilhotel.com\/wp-content\/uploads\/sites\/2\/2025\/04\/STATUE-BELLECOUR-BEIGE-300x300.jpg 300w, https:\/\/globeetcecilhotel.com\/wp-content\/uploads\/sites\/2\/2025\/04\/STATUE-BELLECOUR-BEIGE-150x150.jpg 150w\" sizes=\"(max-width: 350px) 100vw, 350px\" \/><\/figure>\n\n\n\n<h2 class=\"wp-block-heading has-text-align-center\">Las <mark class=\"has-inline-color has-secondary-color\">estatuas<\/mark> de la plaza Bellecour<\/h2>\n\n\n\n<p>La plaza Bellecour no ser\u00eda lo que es sin sus ic\u00f3nicas estatuas que vigilan a los transe\u00fantes. En el centro, Luis XIV sentado majestuosamente a caballo, la \u00abestatua ecuestre\u00bb, un homenaje al que fue apodado el Rey Sol. Pero eso no es todo. Tambi\u00e9n hay estatuas de los hermanos Lumi\u00e8re, inventores del cine, y de Saint-Exup\u00e9ry y su Principito, recuerdo del patrimonio cultural lion\u00e9s. Cada uno cuenta una historia, \u00a1as\u00ed que te toca a ti conocerlos!<\/p>\n\n\n\n<section id=\"\" class=\"align wp-block-acf-faq\">\n\t\n\t\t<div class=\"faq\">\n\t\t\t\t<div class=\"faq__item\">\n\t\t\t<div class=\"faq__question\" data-index=\"0\">\n\t\t\t\t<span class=\"faq__question-text \">El caballo de bronce<\/span>\n\t\t\t<\/div>\n\t\t\t<div class=\"faq__answer\">\n\t\t\t\t<p>\u00a1En qu\u00e9 podr\u00eda entronizarse el Rey Sol sino en un sublime caballo! Esta estatua ecuestre, verdadero icono de Lyon, atrae todas las miradas por su aspecto imponente y elegante.  Creado a principios del siglo XIX por el escultor Fran\u00e7ois-Fr\u00e9d\u00e9ric Lemot, simboliza la grandeza y la historia de la ciudad.<br \/>\n\u00bfNo es el lugar de encuentro perfecto?  <\/p>\n\t\t\t<\/div>\n\t\t\t<svg class=\"faq__toggle-icon\" xmlns=\"http:\/\/www.w3.org\/2000\/svg\" width=\"16\" height=\"10\" viewBox=\"0 0 16 10\"\n\t\t\t\tfill=\"none\">\n\t\t\t\t<path d=\"M15 1L8 8L1 0.999999\" stroke=\"#3C3B3A\" stroke-width=\"2\" \/>\n\t\t\t<\/svg>\n\t\t<\/div>\n\t\t\t\t<div class=\"faq__item\">\n\t\t\t<div class=\"faq__question\" data-index=\"1\">\n\t\t\t\t<span class=\"faq__question-text \">Vigilante de Pierre<\/span>\n\t\t\t<\/div>\n\t\t\t<div class=\"faq__answer\">\n\t\t\t\t<p>Encaramado discretamente en uno de los muros de la plaza Bellecour, el vigilante de piedra es uno de los secretos mejor guardados de Lyon, un gui\u00f1o de diversi\u00f3n para los observadores m\u00e1s agudos. Esta enigm\u00e1tica figura, a medio camino entre una g\u00e1rgola y un guardi\u00e1n silencioso, parece vigilar d\u00eda y noche a los transe\u00fantes y los acontecimientos de la plaza.<br \/>\nCreado por el artista lion\u00e9s Rachid Khimoune, el vigilante de piedra es una obra de arte urbano que a\u00f1ade un toque de misterio y fantas\u00eda a Bellecour. Su expresi\u00f3n impasible y su mirada penetrante dan la impresi\u00f3n de que conoce todos los secretos de la ciudad. A los ni\u00f1os les encanta buscarlo y los adultos a menudo se preguntan c\u00f3mo se les pas\u00f3 este fascinante detalle.<\/p>\n\t\t\t<\/div>\n\t\t\t<svg class=\"faq__toggle-icon\" xmlns=\"http:\/\/www.w3.org\/2000\/svg\" width=\"16\" height=\"10\" viewBox=\"0 0 16 10\"\n\t\t\t\tfill=\"none\">\n\t\t\t\t<path d=\"M15 1L8 8L1 0.999999\" stroke=\"#3C3B3A\" stroke-width=\"2\" \/>\n\t\t\t<\/svg>\n\t\t<\/div>\n\t\t\t\t<div class=\"faq__item\">\n\t\t\t<div class=\"faq__question\" data-index=\"2\">\n\t\t\t\t<span class=\"faq__question-text \">Antoine de Saint-Exup\u00e9ry  <\/span>\n\t\t\t<\/div>\n\t\t\t<div class=\"faq__answer\">\n\t\t\t\t<p>Siempre en la plaza Bellecour, Antoine de Saint-Exup\u00e9ry vigila con elegancia y poes\u00eda, acompa\u00f1ado de su famoso Principito. Esta conmovedora estatua rinde homenaje a uno de los hijos m\u00e1s ilustres de Lyon, escritor y aviador cuyas obras siguen encantando a generaciones de lectores de todo el mundo. Antoine de Saint-Exup\u00e9ry, autor del famoso \u00abPrincipito\u00bb, aparece sentado pensativo, con su joven h\u00e9roe de pie a su lado, contemplando juntos el horizonte. Esta escultura, instalada en 2000 con motivo del centenario de su nacimiento, capta a la perfecci\u00f3n el esp\u00edritu so\u00f1ador y aventurero de Saint-Ex, como le llaman cari\u00f1osamente los lioneses.<\/p>\n\t\t\t<\/div>\n\t\t\t<svg class=\"faq__toggle-icon\" xmlns=\"http:\/\/www.w3.org\/2000\/svg\" width=\"16\" height=\"10\" viewBox=\"0 0 16 10\"\n\t\t\t\tfill=\"none\">\n\t\t\t\t<path d=\"M15 1L8 8L1 0.999999\" stroke=\"#3C3B3A\" stroke-width=\"2\" \/>\n\t\t\t<\/svg>\n\t\t<\/div>\n\t\t\t<\/div>\n\t\t<\/section>\n<\/div>\n\n\n\n<\/section>\n\n\t<section\n\t\tstyle=\"padding-top:var(--wp--preset--spacing--theme-default);padding-bottom:var(--wp--preset--spacing--theme-default);\" class=\"double-columns wp-block-acf-double-columns has-background has-white-background-color has-global-padding is-layout-constrained wp-container-acf-double-columns-is-layout-a22d0bdd wp-block-acf-double-columns-is-layout-constrained\"\t>\n\n<div class=\"double-columns__innerblocks\">\n\n<div class=\"wp-block-group is-vertical is-content-justification-left is-layout-flex wp-container-core-group-is-layout-58227553 wp-block-group-is-layout-flex\">\n<h2 class=\"wp-block-heading has-text-align-center\">Un lugar<em><mark class=\"has-inline-color has-secondary-color\"> para eventos<\/mark><\/em><\/h2>\n\n\n\n<p>Es mucho m\u00e1s que un inmenso espacio en pleno centro de Lyon: es el teatro vivo de mil y un acontecimientos que jalonan la vida de la ciudad. A lo largo del a\u00f1o, se transforma y anima con las estaciones y las fiestas.<\/p>\n\n\n\n<p>En invierno, la magia de la Navidad se apodera de Bellecour, con su mercado, sus m\u00e1gicas iluminaciones y, por supuesto, su famosa noria, que ofrece una vista impresionante de Lyon. En primavera, la plaza acoge conciertos al aire libre, espect\u00e1culos callejeros e incluso eventos deportivos como la salida y llegada de carreras pedestres.<\/p>\n\n\n\n<p>En verano, Bellecour se convierte en un patio de recreo para festivales de m\u00fasica y proyecciones de cine al aire libre. Los camiones de comida y los puestos de helados surgen por todas partes, creando un ambiente agradable y gourmet. En oto\u00f1o, no se pierda la F\u00eate des Lumi\u00e8res, cuando la plaza Bellecour se engalana con espl\u00e9ndidas instalaciones luminosas que atraen a visitantes de todo el mundo.<\/p>\n<\/div>\n\n\n\n<div class=\"wp-block-group is-layout-flow wp-block-group-is-layout-flow\">\n<figure class=\"wp-block-image size-full image-is-animate\"><img decoding=\"async\" width=\"720\" height=\"1080\" src=\"https:\/\/globeetcecilhotel.com\/wp-content\/uploads\/sites\/2\/2025\/03\/Place_Bellecour_lyon3.jpg\" alt=\"\" class=\"wp-image-572\" style=\"aspect-ratio:3\/4;object-fit:cover\" srcset=\"https:\/\/globeetcecilhotel.com\/wp-content\/uploads\/sites\/2\/2025\/03\/Place_Bellecour_lyon3.jpg 720w, https:\/\/globeetcecilhotel.com\/wp-content\/uploads\/sites\/2\/2025\/03\/Place_Bellecour_lyon3-200x300.jpg 200w, https:\/\/globeetcecilhotel.com\/wp-content\/uploads\/sites\/2\/2025\/03\/Place_Bellecour_lyon3-683x1024.jpg 683w\" sizes=\"(max-width: 720px) 100vw, 720px\" \/><\/figure>\n<\/div>\n\n<\/div>\n\n<\/section>\n\n\t<section\n\t\tstyle=\"padding-top:var(--wp--preset--spacing--theme-default);padding-bottom:var(--wp--preset--spacing--theme-default);\" class=\"double-columns double-columns-reverse_colums_mobile wp-block-acf-double-columns has-background has-white-100-background-color has-global-padding is-layout-constrained wp-container-acf-double-columns-is-layout-a22d0bdd wp-block-acf-double-columns-is-layout-constrained\"\t>\n\n<div class=\"double-columns__innerblocks\">\n\n<div class=\"wp-block-group is-layout-flow wp-block-group-is-layout-flow\">\n<figure class=\"wp-block-image size-full image-is-animate\"><img decoding=\"async\" width=\"720\" height=\"1080\" src=\"https:\/\/globeetcecilhotel.com\/wp-content\/uploads\/sites\/2\/2025\/03\/lyon_que_faire_visiter14.jpg\" alt=\"\" class=\"wp-image-535\" style=\"aspect-ratio:3\/4;object-fit:cover\" title=\"\" srcset=\"https:\/\/globeetcecilhotel.com\/wp-content\/uploads\/sites\/2\/2025\/03\/lyon_que_faire_visiter14.jpg 720w, https:\/\/globeetcecilhotel.com\/wp-content\/uploads\/sites\/2\/2025\/03\/lyon_que_faire_visiter14-200x300.jpg 200w, https:\/\/globeetcecilhotel.com\/wp-content\/uploads\/sites\/2\/2025\/03\/lyon_que_faire_visiter14-683x1024.jpg 683w\" sizes=\"(max-width: 720px) 100vw, 720px\" \/><\/figure>\n<\/div>\n\n\n\n<div class=\"wp-block-group is-vertical is-content-justification-left is-layout-flex wp-container-core-group-is-layout-b21d21b4 wp-block-group-is-layout-flex\">\n<h2 class=\"wp-block-heading has-text-align-center\">Suba a bordo<em><mark class=\"has-inline-color has-secondary-color\"> a bordo de<\/mark><\/em> el autob\u00fas urbano de Lyon<\/h2>\n\n\n\n<p>El Lyon City Bus es como un taxi para los curiosos y los aficionados a descubrir cosas nuevas. Este autob\u00fas tur\u00edstico de dos pisos ofrece una visita completa y personalizada de Lyon, con vistas panor\u00e1micas desde su techo descubierto. Podr\u00e1 subir y bajar a voluntad en varias paradas estrat\u00e9gicas, como la plaza Bellecour, por supuesto, pero tambi\u00e9n la colina de Fourvi\u00e8re, el Vieux Lyon y el parque de la T\u00eate d&#8217;Or. Un consejo: no olvide su c\u00e1mara, ya que las vistas panor\u00e1micas desde lo alto del autob\u00fas merecen la pena.<\/p>\n<\/div>\n\n<\/div>\n\n<\/section>\n\n\t<section\n\t\tstyle=\"padding-top:var(--wp--preset--spacing--theme-default);padding-bottom:0;\" class=\"block-container align wp-block-acf-block-container has-background has-white-background-color is-layout-flow wp-block-acf-block-container-is-layout-flow\"\t>\n\n\t\n\n<div class=\"wp-block-group has-global-padding is-layout-constrained wp-block-group-is-layout-constrained\">\n<h3 class=\"wp-block-heading has-text-align-left\"><strong>Para<\/strong>m\u00e1s informaci\u00f3n: \u00a1acuda a la oficina de turismo!<\/h3>\n\n\n\n<p>\u00bfNecesita consejos de expertos sobre los mejores restaurantes de bouchon, las visitas obligadas o los eventos de actualidad? Los expertos de la Oficina de Turismo responder\u00e1n a todas sus preguntas y le preparar\u00e1n un programa a medida. Adem\u00e1s, es el lugar ideal para encontrar entradas para las principales atracciones, como el Mus\u00e9e des Confluences, organizar una visita guiada tem\u00e1tica o incluso reservar un crucero por el Saona.  <br\/><\/p>\n<\/div>\n\n\n\n<\/section>\n\n\t<section\n\t\tstyle=\"padding-top:var(--wp--preset--spacing--theme-default);padding-bottom:var(--wp--preset--spacing--theme-default);\" class=\"block-container align wp-block-acf-block-container has-background has-white-background-color has-global-padding is-layout-constrained wp-container-acf-block-container-is-layout-d3fafd11 wp-block-acf-block-container-is-layout-constrained\"\t>\n\n\t\n\n<div class=\"wp-block-group has-global-padding is-layout-constrained wp-block-group-is-layout-constrained\">\n<figure class=\"wp-block-image aligncenter size-full\"><img decoding=\"async\" width=\"350\" height=\"350\" src=\"https:\/\/globeetcecilhotel.com\/wp-content\/uploads\/sites\/2\/2025\/04\/OURS-1.png\" alt=\"\" class=\"wp-image-2304\" srcset=\"https:\/\/globeetcecilhotel.com\/wp-content\/uploads\/sites\/2\/2025\/04\/OURS-1.png 350w, https:\/\/globeetcecilhotel.com\/wp-content\/uploads\/sites\/2\/2025\/04\/OURS-1-300x300.png 300w\" sizes=\"(max-width: 350px) 100vw, 350px\" \/><\/figure>\n\n\n\n<h2 class=\"wp-block-heading has-text-align-center\" style=\"padding-top:var(--wp--preset--spacing--theme-s);padding-bottom:var(--wp--preset--spacing--theme-m)\">C\u00f3mo <mark class=\"has-inline-color has-secondary-color\">llegar a<\/mark> la plaza Bellecour<\/h2>\n\n\n\n<section id=\"\" class=\"align wp-block-acf-faq\">\n\t\n\t\t<div class=\"faq\">\n\t\t\t\t<div class=\"faq__item\">\n\t\t\t<div class=\"faq__question\" data-index=\"0\">\n\t\t\t\t<span class=\"faq__question-text \">Desde la estaci\u00f3n Part Dieu, en metro<\/span>\n\t\t\t<\/div>\n\t\t\t<div class=\"faq__answer\">\n\t\t\t\t<p>Tome la l\u00ednea B del metro en direcci\u00f3n a \u00abStade de Gerland\u00bb y b\u00e1jese en la estaci\u00f3n \u00abSaxe-Gambetta\u00bb. All\u00ed, cambie a la l\u00ednea D direcci\u00f3n \u00abGare de Vaise\u00bb y b\u00e1jese en la estaci\u00f3n \u00abBellecour\u00bb. La plaza Bellecour est\u00e1 a pocos minutos a pie de la estaci\u00f3n.<\/p>\n\t\t\t<\/div>\n\t\t\t<svg class=\"faq__toggle-icon\" xmlns=\"http:\/\/www.w3.org\/2000\/svg\" width=\"16\" height=\"10\" viewBox=\"0 0 16 10\"\n\t\t\t\tfill=\"none\">\n\t\t\t\t<path d=\"M15 1L8 8L1 0.999999\" stroke=\"#3C3B3A\" stroke-width=\"2\" \/>\n\t\t\t<\/svg>\n\t\t<\/div>\n\t\t\t\t<div class=\"faq__item\">\n\t\t\t<div class=\"faq__question\" data-index=\"1\">\n\t\t\t\t<span class=\"faq__question-text \">Desde la estaci\u00f3n Part Dieu, en tranv\u00eda<\/span>\n\t\t\t<\/div>\n\t\t\t<div class=\"faq__answer\">\n\t\t\t\t<p>En la estaci\u00f3n Part Dieu, tome el tranv\u00eda T1 en direcci\u00f3n a Debourg y b\u00e1jese en la estaci\u00f3n Libert\u00e9. A continuaci\u00f3n, tome el tranv\u00eda T2 en direcci\u00f3n a \u00abPerrache\u00bb y b\u00e1jese en la estaci\u00f3n de \u00abPerrache\u00bb. La Place Bellecour est\u00e1 a 10 minutos a pie de la estaci\u00f3n de Perrache.<\/p>\n\t\t\t<\/div>\n\t\t\t<svg class=\"faq__toggle-icon\" xmlns=\"http:\/\/www.w3.org\/2000\/svg\" width=\"16\" height=\"10\" viewBox=\"0 0 16 10\"\n\t\t\t\tfill=\"none\">\n\t\t\t\t<path d=\"M15 1L8 8L1 0.999999\" stroke=\"#3C3B3A\" stroke-width=\"2\" \/>\n\t\t\t<\/svg>\n\t\t<\/div>\n\t\t\t\t<div class=\"faq__item\">\n\t\t\t<div class=\"faq__question\" data-index=\"2\">\n\t\t\t\t<span class=\"faq__question-text \">Desde la estaci\u00f3n Perrache, en metro<\/span>\n\t\t\t<\/div>\n\t\t\t<div class=\"faq__answer\">\n\t\t\t\t<p>Desde la estaci\u00f3n de Perrache, tome la l\u00ednea A del metro en direcci\u00f3n a \u00abVaulx-en-Velin La Soie\u00bb y b\u00e1jese en la estaci\u00f3n de \u00abBellecour\u00bb. La plaza Bellecour est\u00e1 a poca distancia de la estaci\u00f3n.<\/p>\n\t\t\t<\/div>\n\t\t\t<svg class=\"faq__toggle-icon\" xmlns=\"http:\/\/www.w3.org\/2000\/svg\" width=\"16\" height=\"10\" viewBox=\"0 0 16 10\"\n\t\t\t\tfill=\"none\">\n\t\t\t\t<path d=\"M15 1L8 8L1 0.999999\" stroke=\"#3C3B3A\" stroke-width=\"2\" \/>\n\t\t\t<\/svg>\n\t\t<\/div>\n\t\t\t\t<div class=\"faq__item\">\n\t\t\t<div class=\"faq__question\" data-index=\"3\">\n\t\t\t\t<span class=\"faq__question-text \">Desde la estaci\u00f3n de Perrache, a pie<\/span>\n\t\t\t<\/div>\n\t\t\t<div class=\"faq__answer\">\n\t\t\t\t<p>La Place Bellecour est\u00e1 a unos 10 minutos a pie de la estaci\u00f3n de Perrache. Al salir de la estaci\u00f3n, tome la calle Victor Hugo, siga recto hasta el puente de la Guilloti\u00e8re y cruce el puente para llegar a la plaza Bellecour.<\/p>\n\t\t\t<\/div>\n\t\t\t<svg class=\"faq__toggle-icon\" xmlns=\"http:\/\/www.w3.org\/2000\/svg\" width=\"16\" height=\"10\" viewBox=\"0 0 16 10\"\n\t\t\t\tfill=\"none\">\n\t\t\t\t<path d=\"M15 1L8 8L1 0.999999\" stroke=\"#3C3B3A\" stroke-width=\"2\" \/>\n\t\t\t<\/svg>\n\t\t<\/div>\n\t\t\t<\/div>\n\t\t<\/section>\n\n\n\n<p><\/p>\n\n\n\n<p>En resumen, ya sea en metro, tranv\u00eda o a pie, tiene varias opciones pr\u00e1cticas para llegar f\u00e1cilmente a la plaza Bellecour desde las estaciones lionesas de Part Dieu y Perrache.<\/p>\n<\/div>\n\n\n\n<\/section>\n\n\t<section\n\t\tstyle=\"padding-top:var(--wp--preset--spacing--theme-default);padding-bottom:var(--wp--preset--spacing--theme-default);\" class=\"block-container align wp-block-acf-block-container has-background has-white-100-background-color has-global-padding is-layout-constrained wp-container-acf-block-container-is-layout-89fc666d wp-block-acf-block-container-is-layout-constrained\"\t>\n\n\t\n\n<h3 class=\"wp-block-heading has-text-align-center\">\u00bfDesea visitar otras zonas de Lyon Bellecour? He aqu\u00ed nuestra selecci\u00f3n de lugares, tiendas y especialidades imprescindibles.<\/h3>\n\n\n\n<div class=\"wp-block-buttons is-content-justification-center is-layout-flex wp-container-core-buttons-is-layout-a89b3969 wp-block-buttons-is-layout-flex\">\n<div class=\"wp-block-button is-style-label-button is-style-label-button--1\"><a class=\"wp-block-button__link wp-element-button\" href=\"https:\/\/globeetcecilhotel.com\/es\/barrio-bellecour\/\">Visita Lyon Bellecour<\/a><\/div>\n<\/div>\n\n\n\n<\/section>\n\n<div class=\"wp-block-group has-white-background-color has-background is-content-justification-space-between is-nowrap is-layout-flex wp-container-core-group-is-layout-098ab513 wp-block-group-is-layout-flex\" style=\"padding-top:var(--wp--preset--spacing--theme-m);padding-right:var(--wp--preset--spacing--theme-s);padding-bottom:var(--wp--preset--spacing--theme-m);padding-left:var(--wp--preset--spacing--theme-s)\">\n\n<\/div>\n","protected":false},"excerpt":{"rendered":"<p>En el coraz\u00f3n de Lyon, la plaza Bellecour es el pulm\u00f3n vibrante de la ciudad. Imagine un lugar donde la historia, la cultura y el descanso se dan la mano en un ambiente t\u00edpicamente lion\u00e9s.  <\/p>\n","protected":false},"author":2,"featured_media":4383,"comment_status":"open","ping_status":"open","sticky":false,"template":"","format":"standard","meta":{"_acf_changed":false,"inline_featured_image":false,"footnotes":""},"categories":[36],"tags":[],"class_list":["post-3147","post","type-post","status-publish","format-standard","has-post-thumbnail","hentry","category-visitas-culturales"],"acf":[],"yoast_head":"<!-- This site is optimized with the Yoast SEO plugin v27.4 - https:\/\/yoast.com\/product\/yoast-seo-wordpress\/ -->\n<title>Plaza Bellecour: una visita obligada en Lyon - Globe Cecil<\/title>\n<meta name=\"description\" content=\"Globe &amp; Cecil - Plaza Bellecour: una visita obligada en Lyon . En el coraz\u00f3n de Lyon, la plaza Bellecour es el pulm\u00f3n vibrante de la ciudad. Imagine un lugar donde la historia, la cultura y el descanso se dan la mano en un ambiente t\u00edpicamente lion\u00e9s.\" \/>\n<meta name=\"robots\" content=\"index, follow, max-snippet:-1, max-image-preview:large, max-video-preview:-1\" \/>\n<link rel=\"canonical\" href=\"https:\/\/globeetcecilhotel.com\/es\/barrio-bellecour\/plaza-bellecour-una-visita-obligada-en-lyon\/\" \/>\n<meta property=\"og:locale\" content=\"es_ES\" \/>\n<meta property=\"og:type\" content=\"article\" \/>\n<meta property=\"og:title\" content=\"Plaza Bellecour: una visita obligada en Lyon - Globe Cecil\" \/>\n<meta property=\"og:description\" content=\"Globe &amp; Cecil - Plaza Bellecour: una visita obligada en Lyon . En el coraz\u00f3n de Lyon, la plaza Bellecour es el pulm\u00f3n vibrante de la ciudad. Imagine un lugar donde la historia, la cultura y el descanso se dan la mano en un ambiente t\u00edpicamente lion\u00e9s.\" \/>\n<meta property=\"og:url\" content=\"https:\/\/globeetcecilhotel.com\/es\/barrio-bellecour\/plaza-bellecour-una-visita-obligada-en-lyon\/\" \/>\n<meta property=\"og:site_name\" content=\"Globe Cecil\" \/>\n<meta property=\"article:published_time\" content=\"2025-03-06T10:39:56+00:00\" \/>\n<meta property=\"article:modified_time\" content=\"2026-04-17T07:17:55+00:00\" \/>\n<meta property=\"og:image\" content=\"https:\/\/globeetcecilhotel.com\/wp-content\/uploads\/sites\/2\/2025\/03\/Evalqt_1806.jpg\" \/>\n\t<meta property=\"og:image:width\" content=\"1365\" \/>\n\t<meta property=\"og:image:height\" content=\"2048\" \/>\n\t<meta property=\"og:image:type\" content=\"image\/jpeg\" \/>\n<meta name=\"author\" content=\"flachize\" \/>\n<meta name=\"twitter:card\" content=\"summary_large_image\" \/>\n<meta name=\"twitter:label1\" content=\"Escrito por\" \/>\n\t<meta name=\"twitter:data1\" content=\"flachize\" \/>\n\t<meta name=\"twitter:label2\" content=\"Tiempo de lectura\" \/>\n\t<meta name=\"twitter:data2\" content=\"3 minuto\" \/>\n<script type=\"application\/ld+json\" class=\"yoast-schema-graph\">{\"@context\":\"https:\\\/\\\/schema.org\",\"@graph\":[{\"@type\":\"Article\",\"@id\":\"https:\\\/\\\/globeetcecilhotel.com\\\/es\\\/barrio-bellecour\\\/plaza-bellecour-una-visita-obligada-en-lyon\\\/#article\",\"isPartOf\":{\"@id\":\"https:\\\/\\\/globeetcecilhotel.com\\\/es\\\/barrio-bellecour\\\/plaza-bellecour-una-visita-obligada-en-lyon\\\/\"},\"author\":{\"name\":\"flachize\",\"@id\":\"https:\\\/\\\/globeetcecilhotel.com\\\/es\\\/#\\\/schema\\\/person\\\/b3c9e279ff8ec8845926b6b9f54fbdb9\"},\"headline\":\"Plaza Bellecour: una visita obligada en Lyon\",\"datePublished\":\"2025-03-06T10:39:56+00:00\",\"dateModified\":\"2026-04-17T07:17:55+00:00\",\"mainEntityOfPage\":{\"@id\":\"https:\\\/\\\/globeetcecilhotel.com\\\/es\\\/barrio-bellecour\\\/plaza-bellecour-una-visita-obligada-en-lyon\\\/\"},\"wordCount\":616,\"commentCount\":0,\"publisher\":{\"@id\":\"https:\\\/\\\/globeetcecilhotel.com\\\/es\\\/#organization\"},\"image\":{\"@id\":\"https:\\\/\\\/globeetcecilhotel.com\\\/es\\\/barrio-bellecour\\\/plaza-bellecour-una-visita-obligada-en-lyon\\\/#primaryimage\"},\"thumbnailUrl\":\"https:\\\/\\\/globeetcecilhotel.com\\\/wp-content\\\/uploads\\\/sites\\\/2\\\/2025\\\/03\\\/Evalqt_1806.jpg\",\"articleSection\":[\"Visita cultural\"],\"inLanguage\":\"es\",\"potentialAction\":[{\"@type\":\"CommentAction\",\"name\":\"Comment\",\"target\":[\"https:\\\/\\\/globeetcecilhotel.com\\\/es\\\/barrio-bellecour\\\/plaza-bellecour-una-visita-obligada-en-lyon\\\/#respond\"]}]},{\"@type\":\"WebPage\",\"@id\":\"https:\\\/\\\/globeetcecilhotel.com\\\/es\\\/barrio-bellecour\\\/plaza-bellecour-una-visita-obligada-en-lyon\\\/\",\"url\":\"https:\\\/\\\/globeetcecilhotel.com\\\/es\\\/barrio-bellecour\\\/plaza-bellecour-una-visita-obligada-en-lyon\\\/\",\"name\":\"Plaza Bellecour: una visita obligada en Lyon - Globe Cecil\",\"isPartOf\":{\"@id\":\"https:\\\/\\\/globeetcecilhotel.com\\\/es\\\/#website\"},\"primaryImageOfPage\":{\"@id\":\"https:\\\/\\\/globeetcecilhotel.com\\\/es\\\/barrio-bellecour\\\/plaza-bellecour-una-visita-obligada-en-lyon\\\/#primaryimage\"},\"image\":{\"@id\":\"https:\\\/\\\/globeetcecilhotel.com\\\/es\\\/barrio-bellecour\\\/plaza-bellecour-una-visita-obligada-en-lyon\\\/#primaryimage\"},\"thumbnailUrl\":\"https:\\\/\\\/globeetcecilhotel.com\\\/wp-content\\\/uploads\\\/sites\\\/2\\\/2025\\\/03\\\/Evalqt_1806.jpg\",\"datePublished\":\"2025-03-06T10:39:56+00:00\",\"dateModified\":\"2026-04-17T07:17:55+00:00\",\"description\":\"Globe & Cecil - Plaza Bellecour: una visita obligada en Lyon . En el coraz\u00f3n de Lyon, la plaza Bellecour es el pulm\u00f3n vibrante de la ciudad. Imagine un lugar donde la historia, la cultura y el descanso se dan la mano en un ambiente t\u00edpicamente lion\u00e9s.\",\"breadcrumb\":{\"@id\":\"https:\\\/\\\/globeetcecilhotel.com\\\/es\\\/barrio-bellecour\\\/plaza-bellecour-una-visita-obligada-en-lyon\\\/#breadcrumb\"},\"inLanguage\":\"es\",\"potentialAction\":[{\"@type\":\"ReadAction\",\"target\":[\"https:\\\/\\\/globeetcecilhotel.com\\\/es\\\/barrio-bellecour\\\/plaza-bellecour-una-visita-obligada-en-lyon\\\/\"]}]},{\"@type\":\"ImageObject\",\"inLanguage\":\"es\",\"@id\":\"https:\\\/\\\/globeetcecilhotel.com\\\/es\\\/barrio-bellecour\\\/plaza-bellecour-una-visita-obligada-en-lyon\\\/#primaryimage\",\"url\":\"https:\\\/\\\/globeetcecilhotel.com\\\/wp-content\\\/uploads\\\/sites\\\/2\\\/2025\\\/03\\\/Evalqt_1806.jpg\",\"contentUrl\":\"https:\\\/\\\/globeetcecilhotel.com\\\/wp-content\\\/uploads\\\/sites\\\/2\\\/2025\\\/03\\\/Evalqt_1806.jpg\",\"width\":1365,\"height\":2048,\"caption\":\"Evalqt 1806\"},{\"@type\":\"BreadcrumbList\",\"@id\":\"https:\\\/\\\/globeetcecilhotel.com\\\/es\\\/barrio-bellecour\\\/plaza-bellecour-una-visita-obligada-en-lyon\\\/#breadcrumb\",\"itemListElement\":[{\"@type\":\"ListItem\",\"position\":1,\"name\":\"Accueil\",\"item\":\"https:\\\/\\\/globeetcecilhotel.com\\\/es\\\/\"},{\"@type\":\"ListItem\",\"position\":2,\"name\":\"Visita cultural\",\"item\":\"https:\\\/\\\/globeetcecilhotel.com\\\/es\\\/le-quartier-bellecour\\\/visitas-culturales\\\/\"},{\"@type\":\"ListItem\",\"position\":3,\"name\":\"Plaza Bellecour: una visita obligada en Lyon\"}]},{\"@type\":\"WebSite\",\"@id\":\"https:\\\/\\\/globeetcecilhotel.com\\\/es\\\/#website\",\"url\":\"https:\\\/\\\/globeetcecilhotel.com\\\/es\\\/\",\"name\":\"Globe Cecil\",\"description\":\"H\u00f4tel 4 \u00e9toiles \u00e0 Lyon\",\"publisher\":{\"@id\":\"https:\\\/\\\/globeetcecilhotel.com\\\/es\\\/#organization\"},\"potentialAction\":[{\"@type\":\"SearchAction\",\"target\":{\"@type\":\"EntryPoint\",\"urlTemplate\":\"https:\\\/\\\/globeetcecilhotel.com\\\/es\\\/?s={search_term_string}\"},\"query-input\":{\"@type\":\"PropertyValueSpecification\",\"valueRequired\":true,\"valueName\":\"search_term_string\"}}],\"inLanguage\":\"es\"},{\"@type\":\"Organization\",\"@id\":\"https:\\\/\\\/globeetcecilhotel.com\\\/es\\\/#organization\",\"name\":\"Globe Cecil\",\"url\":\"https:\\\/\\\/globeetcecilhotel.com\\\/es\\\/\",\"logo\":{\"@type\":\"ImageObject\",\"inLanguage\":\"es\",\"@id\":\"https:\\\/\\\/globeetcecilhotel.com\\\/es\\\/#\\\/schema\\\/logo\\\/image\\\/\",\"url\":\"https:\\\/\\\/globeetcecilhotel.com\\\/wp-content\\\/uploads\\\/sites\\\/2\\\/2025\\\/03\\\/LOGO-Globe-et-Cecil.svg\",\"contentUrl\":\"https:\\\/\\\/globeetcecilhotel.com\\\/wp-content\\\/uploads\\\/sites\\\/2\\\/2025\\\/03\\\/LOGO-Globe-et-Cecil.svg\",\"width\":108,\"height\":44,\"caption\":\"Globe Cecil\"},\"image\":{\"@id\":\"https:\\\/\\\/globeetcecilhotel.com\\\/es\\\/#\\\/schema\\\/logo\\\/image\\\/\"}},{\"@type\":\"Person\",\"@id\":\"https:\\\/\\\/globeetcecilhotel.com\\\/es\\\/#\\\/schema\\\/person\\\/b3c9e279ff8ec8845926b6b9f54fbdb9\",\"name\":\"flachize\",\"image\":{\"@type\":\"ImageObject\",\"inLanguage\":\"es\",\"@id\":\"https:\\\/\\\/secure.gravatar.com\\\/avatar\\\/24f0361cf67c21d4fae1db71b0897ec099d5f1fe2ef60420e3cd59b175a66e40?s=96&d=mm&r=g\",\"url\":\"https:\\\/\\\/secure.gravatar.com\\\/avatar\\\/24f0361cf67c21d4fae1db71b0897ec099d5f1fe2ef60420e3cd59b175a66e40?s=96&d=mm&r=g\",\"contentUrl\":\"https:\\\/\\\/secure.gravatar.com\\\/avatar\\\/24f0361cf67c21d4fae1db71b0897ec099d5f1fe2ef60420e3cd59b175a66e40?s=96&d=mm&r=g\",\"caption\":\"flachize\"},\"url\":\"https:\\\/\\\/globeetcecilhotel.com\\\/es\\\/author\\\/flachize\\\/\"}]}<\/script>\n<!-- \/ Yoast SEO plugin. -->","yoast_head_json":{"title":"Plaza Bellecour: una visita obligada en Lyon - Globe Cecil","description":"Globe & Cecil - Plaza Bellecour: una visita obligada en Lyon . En el coraz\u00f3n de Lyon, la plaza Bellecour es el pulm\u00f3n vibrante de la ciudad. Imagine un lugar donde la historia, la cultura y el descanso se dan la mano en un ambiente t\u00edpicamente lion\u00e9s.","robots":{"index":"index","follow":"follow","max-snippet":"max-snippet:-1","max-image-preview":"max-image-preview:large","max-video-preview":"max-video-preview:-1"},"canonical":"https:\/\/globeetcecilhotel.com\/es\/barrio-bellecour\/plaza-bellecour-una-visita-obligada-en-lyon\/","og_locale":"es_ES","og_type":"article","og_title":"Plaza Bellecour: una visita obligada en Lyon - Globe Cecil","og_description":"Globe & Cecil - Plaza Bellecour: una visita obligada en Lyon . En el coraz\u00f3n de Lyon, la plaza Bellecour es el pulm\u00f3n vibrante de la ciudad. Imagine un lugar donde la historia, la cultura y el descanso se dan la mano en un ambiente t\u00edpicamente lion\u00e9s.","og_url":"https:\/\/globeetcecilhotel.com\/es\/barrio-bellecour\/plaza-bellecour-una-visita-obligada-en-lyon\/","og_site_name":"Globe Cecil","article_published_time":"2025-03-06T10:39:56+00:00","article_modified_time":"2026-04-17T07:17:55+00:00","og_image":[{"width":1365,"height":2048,"url":"https:\/\/globeetcecilhotel.com\/wp-content\/uploads\/sites\/2\/2025\/03\/Evalqt_1806.jpg","type":"image\/jpeg"}],"author":"flachize","twitter_card":"summary_large_image","twitter_misc":{"Escrito por":"flachize","Tiempo de lectura":"3 minuto"},"schema":{"@context":"https:\/\/schema.org","@graph":[{"@type":"Article","@id":"https:\/\/globeetcecilhotel.com\/es\/barrio-bellecour\/plaza-bellecour-una-visita-obligada-en-lyon\/#article","isPartOf":{"@id":"https:\/\/globeetcecilhotel.com\/es\/barrio-bellecour\/plaza-bellecour-una-visita-obligada-en-lyon\/"},"author":{"name":"flachize","@id":"https:\/\/globeetcecilhotel.com\/es\/#\/schema\/person\/b3c9e279ff8ec8845926b6b9f54fbdb9"},"headline":"Plaza Bellecour: una visita obligada en Lyon","datePublished":"2025-03-06T10:39:56+00:00","dateModified":"2026-04-17T07:17:55+00:00","mainEntityOfPage":{"@id":"https:\/\/globeetcecilhotel.com\/es\/barrio-bellecour\/plaza-bellecour-una-visita-obligada-en-lyon\/"},"wordCount":616,"commentCount":0,"publisher":{"@id":"https:\/\/globeetcecilhotel.com\/es\/#organization"},"image":{"@id":"https:\/\/globeetcecilhotel.com\/es\/barrio-bellecour\/plaza-bellecour-una-visita-obligada-en-lyon\/#primaryimage"},"thumbnailUrl":"https:\/\/globeetcecilhotel.com\/wp-content\/uploads\/sites\/2\/2025\/03\/Evalqt_1806.jpg","articleSection":["Visita cultural"],"inLanguage":"es","potentialAction":[{"@type":"CommentAction","name":"Comment","target":["https:\/\/globeetcecilhotel.com\/es\/barrio-bellecour\/plaza-bellecour-una-visita-obligada-en-lyon\/#respond"]}]},{"@type":"WebPage","@id":"https:\/\/globeetcecilhotel.com\/es\/barrio-bellecour\/plaza-bellecour-una-visita-obligada-en-lyon\/","url":"https:\/\/globeetcecilhotel.com\/es\/barrio-bellecour\/plaza-bellecour-una-visita-obligada-en-lyon\/","name":"Plaza Bellecour: una visita obligada en Lyon - Globe Cecil","isPartOf":{"@id":"https:\/\/globeetcecilhotel.com\/es\/#website"},"primaryImageOfPage":{"@id":"https:\/\/globeetcecilhotel.com\/es\/barrio-bellecour\/plaza-bellecour-una-visita-obligada-en-lyon\/#primaryimage"},"image":{"@id":"https:\/\/globeetcecilhotel.com\/es\/barrio-bellecour\/plaza-bellecour-una-visita-obligada-en-lyon\/#primaryimage"},"thumbnailUrl":"https:\/\/globeetcecilhotel.com\/wp-content\/uploads\/sites\/2\/2025\/03\/Evalqt_1806.jpg","datePublished":"2025-03-06T10:39:56+00:00","dateModified":"2026-04-17T07:17:55+00:00","description":"Globe & Cecil - Plaza Bellecour: una visita obligada en Lyon . En el coraz\u00f3n de Lyon, la plaza Bellecour es el pulm\u00f3n vibrante de la ciudad. Imagine un lugar donde la historia, la cultura y el descanso se dan la mano en un ambiente t\u00edpicamente lion\u00e9s.","breadcrumb":{"@id":"https:\/\/globeetcecilhotel.com\/es\/barrio-bellecour\/plaza-bellecour-una-visita-obligada-en-lyon\/#breadcrumb"},"inLanguage":"es","potentialAction":[{"@type":"ReadAction","target":["https:\/\/globeetcecilhotel.com\/es\/barrio-bellecour\/plaza-bellecour-una-visita-obligada-en-lyon\/"]}]},{"@type":"ImageObject","inLanguage":"es","@id":"https:\/\/globeetcecilhotel.com\/es\/barrio-bellecour\/plaza-bellecour-una-visita-obligada-en-lyon\/#primaryimage","url":"https:\/\/globeetcecilhotel.com\/wp-content\/uploads\/sites\/2\/2025\/03\/Evalqt_1806.jpg","contentUrl":"https:\/\/globeetcecilhotel.com\/wp-content\/uploads\/sites\/2\/2025\/03\/Evalqt_1806.jpg","width":1365,"height":2048,"caption":"Evalqt 1806"},{"@type":"BreadcrumbList","@id":"https:\/\/globeetcecilhotel.com\/es\/barrio-bellecour\/plaza-bellecour-una-visita-obligada-en-lyon\/#breadcrumb","itemListElement":[{"@type":"ListItem","position":1,"name":"Accueil","item":"https:\/\/globeetcecilhotel.com\/es\/"},{"@type":"ListItem","position":2,"name":"Visita cultural","item":"https:\/\/globeetcecilhotel.com\/es\/le-quartier-bellecour\/visitas-culturales\/"},{"@type":"ListItem","position":3,"name":"Plaza Bellecour: una visita obligada en Lyon"}]},{"@type":"WebSite","@id":"https:\/\/globeetcecilhotel.com\/es\/#website","url":"https:\/\/globeetcecilhotel.com\/es\/","name":"Globe Cecil","description":"H\u00f4tel 4 \u00e9toiles \u00e0 Lyon","publisher":{"@id":"https:\/\/globeetcecilhotel.com\/es\/#organization"},"potentialAction":[{"@type":"SearchAction","target":{"@type":"EntryPoint","urlTemplate":"https:\/\/globeetcecilhotel.com\/es\/?s={search_term_string}"},"query-input":{"@type":"PropertyValueSpecification","valueRequired":true,"valueName":"search_term_string"}}],"inLanguage":"es"},{"@type":"Organization","@id":"https:\/\/globeetcecilhotel.com\/es\/#organization","name":"Globe Cecil","url":"https:\/\/globeetcecilhotel.com\/es\/","logo":{"@type":"ImageObject","inLanguage":"es","@id":"https:\/\/globeetcecilhotel.com\/es\/#\/schema\/logo\/image\/","url":"https:\/\/globeetcecilhotel.com\/wp-content\/uploads\/sites\/2\/2025\/03\/LOGO-Globe-et-Cecil.svg","contentUrl":"https:\/\/globeetcecilhotel.com\/wp-content\/uploads\/sites\/2\/2025\/03\/LOGO-Globe-et-Cecil.svg","width":108,"height":44,"caption":"Globe Cecil"},"image":{"@id":"https:\/\/globeetcecilhotel.com\/es\/#\/schema\/logo\/image\/"}},{"@type":"Person","@id":"https:\/\/globeetcecilhotel.com\/es\/#\/schema\/person\/b3c9e279ff8ec8845926b6b9f54fbdb9","name":"flachize","image":{"@type":"ImageObject","inLanguage":"es","@id":"https:\/\/secure.gravatar.com\/avatar\/24f0361cf67c21d4fae1db71b0897ec099d5f1fe2ef60420e3cd59b175a66e40?s=96&d=mm&r=g","url":"https:\/\/secure.gravatar.com\/avatar\/24f0361cf67c21d4fae1db71b0897ec099d5f1fe2ef60420e3cd59b175a66e40?s=96&d=mm&r=g","contentUrl":"https:\/\/secure.gravatar.com\/avatar\/24f0361cf67c21d4fae1db71b0897ec099d5f1fe2ef60420e3cd59b175a66e40?s=96&d=mm&r=g","caption":"flachize"},"url":"https:\/\/globeetcecilhotel.com\/es\/author\/flachize\/"}]}},"_links":{"self":[{"href":"https:\/\/globeetcecilhotel.com\/es\/wp-json\/wp\/v2\/posts\/3147","targetHints":{"allow":["GET"]}}],"collection":[{"href":"https:\/\/globeetcecilhotel.com\/es\/wp-json\/wp\/v2\/posts"}],"about":[{"href":"https:\/\/globeetcecilhotel.com\/es\/wp-json\/wp\/v2\/types\/post"}],"author":[{"embeddable":true,"href":"https:\/\/globeetcecilhotel.com\/es\/wp-json\/wp\/v2\/users\/2"}],"replies":[{"embeddable":true,"href":"https:\/\/globeetcecilhotel.com\/es\/wp-json\/wp\/v2\/comments?post=3147"}],"version-history":[{"count":9,"href":"https:\/\/globeetcecilhotel.com\/es\/wp-json\/wp\/v2\/posts\/3147\/revisions"}],"predecessor-version":[{"id":7766,"href":"https:\/\/globeetcecilhotel.com\/es\/wp-json\/wp\/v2\/posts\/3147\/revisions\/7766"}],"wp:featuredmedia":[{"embeddable":true,"href":"https:\/\/globeetcecilhotel.com\/es\/wp-json\/wp\/v2\/media\/4383"}],"wp:attachment":[{"href":"https:\/\/globeetcecilhotel.com\/es\/wp-json\/wp\/v2\/media?parent=3147"}],"wp:term":[{"taxonomy":"category","embeddable":true,"href":"https:\/\/globeetcecilhotel.com\/es\/wp-json\/wp\/v2\/categories?post=3147"},{"taxonomy":"post_tag","embeddable":true,"href":"https:\/\/globeetcecilhotel.com\/es\/wp-json\/wp\/v2\/tags?post=3147"}],"curies":[{"name":"wp","href":"https:\/\/api.w.org\/{rel}","templated":true}]}}