{"id":3150,"date":"2025-03-06T11:35:24","date_gmt":"2025-03-06T10:35:24","guid":{"rendered":"https:\/\/globeetcecilhotel.com\/plaza-de-los-jacobinos-lyon\/"},"modified":"2026-04-17T09:17:56","modified_gmt":"2026-04-17T07:17:56","slug":"plaza-de-los-jacobinos-lyon","status":"publish","type":"post","link":"https:\/\/globeetcecilhotel.com\/es\/barrio-bellecour\/plaza-de-los-jacobinos-lyon\/","title":{"rendered":"Plaza de los Jacobinos Lyon"},"content":{"rendered":"\n<section class=\"heading wp-elements-83dc72454596a2bd526742d1a5a96193 wp-elements-83dc72454596a2bd526742d1a5a96193 wp-block-acf-heading has-text-color has-primary-color has-background has-white-100-background-color\">\n\t<div class=\"heading__container\">\n\t\t\t\t\t<div class=\"heading__background-picture\">\n\t\t\t\t<img decoding=\"async\" width=\"1620\" height=\"1080\" src=\"https:\/\/globeetcecilhotel.com\/wp-content\/uploads\/sites\/2\/2025\/03\/hotel_lyon2_jacobins.jpg\" class=\"attachment-full size-full\" alt=\"hotel lyon2 jacobins\" fetchpriority=\"high\" srcset=\"https:\/\/globeetcecilhotel.com\/wp-content\/uploads\/sites\/2\/2025\/03\/hotel_lyon2_jacobins.jpg 1620w, https:\/\/globeetcecilhotel.com\/wp-content\/uploads\/sites\/2\/2025\/03\/hotel_lyon2_jacobins-300x200.jpg 300w, https:\/\/globeetcecilhotel.com\/wp-content\/uploads\/sites\/2\/2025\/03\/hotel_lyon2_jacobins-1024x683.jpg 1024w, https:\/\/globeetcecilhotel.com\/wp-content\/uploads\/sites\/2\/2025\/03\/hotel_lyon2_jacobins-768x512.jpg 768w, https:\/\/globeetcecilhotel.com\/wp-content\/uploads\/sites\/2\/2025\/03\/hotel_lyon2_jacobins-1536x1024.jpg 1536w\" sizes=\"(max-width: 1620px) 100vw, 1620px\" \/>\t\t\t<\/div>\n\t\t\t\t<div class=\"heading__layout\">\n\t\t\t<div class=\"heading__content-wrapper has-white-100-background-color\">\n\t\t\t\t<div class=\"heading__content has-white-100-background-color\">\n\t\t\t\t\t\t\t\t\t<p id=\"breadcrumbs\"><span><span><a href=\"https:\/\/globeetcecilhotel.com\/es\/\">Accueil<\/a><\/span><\/span><\/p>\t\t\t\t\t\t\t\t\t<div class=\"acf-innerblocks-container\">\n\n<div class=\"wp-block-group heading-content-group is-layout-grid wp-container-core-group-is-layout-96b258e4 wp-block-group-is-layout-grid\">\n<h1 class=\"wp-block-heading has-text-align-left heading__title has-primary-color has-text-color has-xx-large-font-size\">Plaza de los Jacobinos Lyon<\/h1>\n<\/div>\n\n<\/div>\n\t\t\t\t<\/div>\n\t\t\t\t\t\t\t<\/div>\n\t\t<\/div>\n\t<\/div>\n<\/section>\n\n\n\t<section\n\t\tstyle=\"padding-top:var(--wp--preset--spacing--theme-default);padding-bottom:var(--wp--preset--spacing--theme-default);\" class=\"double-columns wp-block-acf-double-columns has-background has-white-background-color has-global-padding is-layout-constrained wp-container-acf-double-columns-is-layout-a22d0bdd wp-block-acf-double-columns-is-layout-constrained\"\t>\n\n<div class=\"double-columns__innerblocks\">\n\n<div class=\"wp-block-group is-vertical is-layout-flex wp-container-core-group-is-layout-d6b9ab57 wp-block-group-is-layout-flex\">\n<h2 class=\"wp-block-heading has-text-align-center\">Un lugar a trav\u00e9s de los siglos<em><mark class=\"has-inline-color has-secondary-color\"><em><mark class=\"has-inline-color has-secondary-color\"> siglos<\/mark><\/em><\/mark><\/em><\/h2>\n\n\n\n<p class=\"has-large-font-size\">De los jacobinos a los elegantes<\/p>\n\n\n\n<p>El nombre de la plaza procede de un antiguo convento dominico (los Jacobinos) que se estableci\u00f3 aqu\u00ed en el siglo XIII. Originalmente era un lugar de vida religiosa, pero las sucesivas revoluciones le dieron un nuevo rostro. Atr\u00e1s quedaron los monjes, sustituidos por un ambicioso desarrollo urban\u00edstico.<\/p>\n\n\n\n<p class=\"has-large-font-size\">Un escaparate de la arquitectura de estilo haussmaniano<\/p>\n\n\n\n<p>Fue en el siglo XIX cuando la plaza adquiri\u00f3 su forma actual, con sus opulentos edificios, fachadas adornadas y elegantes balcones. R\u00e1pidamente se convirti\u00f3 en un s\u00edmbolo de prestigio para la burgues\u00eda lionesa, que fij\u00f3 aqu\u00ed su residencia con orgullo.<\/p>\n<\/div>\n\n\n\n<div class=\"wp-block-group is-layout-flow wp-block-group-is-layout-flow\">\n<figure class=\"wp-block-image size-full image-is-animate\"><img decoding=\"async\" width=\"720\" height=\"1080\" src=\"https:\/\/globeetcecilhotel.com\/wp-content\/uploads\/sites\/2\/2025\/03\/Place_des_jacobins_lyon2.jpg\" alt=\"\" class=\"wp-image-576\" style=\"aspect-ratio:3\/4;object-fit:cover\" srcset=\"https:\/\/globeetcecilhotel.com\/wp-content\/uploads\/sites\/2\/2025\/03\/Place_des_jacobins_lyon2.jpg 720w, https:\/\/globeetcecilhotel.com\/wp-content\/uploads\/sites\/2\/2025\/03\/Place_des_jacobins_lyon2-200x300.jpg 200w, https:\/\/globeetcecilhotel.com\/wp-content\/uploads\/sites\/2\/2025\/03\/Place_des_jacobins_lyon2-683x1024.jpg 683w\" sizes=\"(max-width: 720px) 100vw, 720px\" \/><\/figure>\n<\/div>\n\n<\/div>\n\n<\/section>\n\n\t<section\n\t\tstyle=\"padding-top:var(--wp--preset--spacing--theme-default);padding-bottom:var(--wp--preset--spacing--theme-default);\" class=\"double-columns double-columns-reverse_colums_mobile wp-block-acf-double-columns has-background has-white-100-background-color has-global-padding is-layout-constrained wp-container-acf-double-columns-is-layout-a22d0bdd wp-block-acf-double-columns-is-layout-constrained\"\t>\n\n<div class=\"double-columns__innerblocks\">\n\n<div class=\"wp-block-group is-layout-flow wp-block-group-is-layout-flow\">\n<figure class=\"wp-block-image size-full image-is-animate\"><img decoding=\"async\" width=\"835\" height=\"1080\" src=\"https:\/\/globeetcecilhotel.com\/wp-content\/uploads\/sites\/2\/2025\/03\/Place_des_jacobins_lyon4.jpg\" alt=\"\" class=\"wp-image-578\" style=\"aspect-ratio:3\/4;object-fit:cover\" srcset=\"https:\/\/globeetcecilhotel.com\/wp-content\/uploads\/sites\/2\/2025\/03\/Place_des_jacobins_lyon4.jpg 835w, https:\/\/globeetcecilhotel.com\/wp-content\/uploads\/sites\/2\/2025\/03\/Place_des_jacobins_lyon4-232x300.jpg 232w, https:\/\/globeetcecilhotel.com\/wp-content\/uploads\/sites\/2\/2025\/03\/Place_des_jacobins_lyon4-792x1024.jpg 792w, https:\/\/globeetcecilhotel.com\/wp-content\/uploads\/sites\/2\/2025\/03\/Place_des_jacobins_lyon4-768x993.jpg 768w\" sizes=\"(max-width: 835px) 100vw, 835px\" \/><\/figure>\n<\/div>\n\n\n\n<div class=\"wp-block-group is-vertical is-content-justification-left is-layout-flex wp-container-core-group-is-layout-b21d21b4 wp-block-group-is-layout-flex\">\n<h2 class=\"wp-block-heading has-text-align-center\">La fuente de los Jacobinos: la <em><mark class=\"has-inline-color has-secondary-color\">estrella<\/mark><\/em> de la plaza<\/h2>\n\n\n\n<p>Es imposible hablar de la plaza de los Jacobinos sin mencionar su magn\u00edfica fuente. Creado en 1885 por el artista lion\u00e9s Gaspard Andr\u00e9 (s\u00ed, el mismo arquitecto del Th\u00e9\u00e2tre des C\u00e9lestins), rinde homenaje a cuatro grandes figuras del arte lion\u00e9s: Philippe de Champaigne, Germain Pilon, Guillaume Coustou e Hippolyte Flandrin. Estas estatuas perfectamente ejecutadas encarnan la riqueza cultural y art\u00edstica de la ciudad.<\/p>\n\n\n\n<p class=\"has-large-font-size\">\u00bfUn detalle divertido?  <\/p>\n\n\n\n<p>El mantenimiento de la fuente, que sol\u00eda ser tedioso, se confiaba a menudo a lavanderos con mono de trabajo. Un d\u00eda, uno de ellos se resbal\u00f3 en la piscina, ante la hilaridad general de los transe\u00fantes&#8230; y una bonita foto en la prensa local.<\/p>\n<\/div>\n\n<\/div>\n\n<\/section>\n\n\t<section\n\t\tstyle=\"padding-top:var(--wp--preset--spacing--theme-default);padding-bottom:var(--wp--preset--spacing--theme-default);\" class=\"block-container align wp-block-acf-block-container has-background has-white-background-color is-layout-flow wp-block-acf-block-container-is-layout-flow\"\t>\n\n\t\n\n<div class=\"wp-block-group has-global-padding is-layout-constrained wp-block-group-is-layout-constrained\">\n<h3 class=\"wp-block-heading has-text-align-left\">Historias de la plaza<\/h3>\n\n\n\n<p class=\"has-large-font-size\">1- Un le\u00f3n de paseo<\/p>\n\n\n\n<p>Durante un desfile de circo en los a\u00f1os veinte, un le\u00f3n se escap\u00f3 brevemente y cruz\u00f3 la plaza de los Jacobinos, provocando el p\u00e1nico entre los habitantes. Afortunadamente, la bestia fue r\u00e1pidamente controlada. Desde entonces, la gente bromea diciendo que a la fuente le falta una estatua de le\u00f3n.  <br\/><\/p>\n\n\n\n<p class=\"has-large-font-size\">2- Amantes de los jacobinos<\/p>\n\n\n\n<p>Con sus bancos y su suave iluminaci\u00f3n nocturna, la plaza se ha convertido en un lugar popular para las parejas. Cuenta la leyenda urbana que pedir un deseo bajo la luz de una farola dando tres vueltas alrededor de la fuente traer\u00e1 buena suerte a los enamorados. <br\/><\/p>\n\n\n\n<p class=\"has-large-font-size\">3- Un plat\u00f3 de cine<\/p>\n\n\n\n<p>La belleza intemporal de la plaza la ha convertido en una estrella de cine. Aparece regularmente en las pel\u00edculas, como si interpretara su propio papel: el de un decorado viviente, mezcla de romanticismo y elegancia.<\/p>\n<\/div>\n\n\n\n<\/section>\n\n\t<section\n\t\tstyle=\"padding-top:var(--wp--preset--spacing--theme-default);padding-bottom:var(--wp--preset--spacing--theme-default);\" class=\"block-container align wp-block-acf-block-container has-background has-white-100-background-color has-global-padding is-layout-constrained wp-container-acf-block-container-is-layout-89fc666d wp-block-acf-block-container-is-layout-constrained\"\t>\n\n\t\n\n<h3 class=\"wp-block-heading has-text-align-center\">\u00bfDesea visitar otras zonas de Lyon Bellecour? He aqu\u00ed nuestra selecci\u00f3n de lugares, tiendas y especialidades imprescindibles.<\/h3>\n\n\n\n<div class=\"wp-block-buttons is-content-justification-center is-layout-flex wp-container-core-buttons-is-layout-a89b3969 wp-block-buttons-is-layout-flex\">\n<div class=\"wp-block-button is-style-label-button is-style-label-button--1\"><a class=\"wp-block-button__link wp-element-button\" href=\"https:\/\/globeetcecilhotel.com\/es\/barrio-bellecour\/\">Visita Lyon Bellecour<\/a><\/div>\n<\/div>\n\n\n\n<\/section>\n\n<div class=\"wp-block-group has-white-background-color has-background is-content-justification-space-between is-nowrap is-layout-flex wp-container-core-group-is-layout-098ab513 wp-block-group-is-layout-flex\" style=\"padding-top:var(--wp--preset--spacing--theme-m);padding-right:var(--wp--preset--spacing--theme-s);padding-bottom:var(--wp--preset--spacing--theme-m);padding-left:var(--wp--preset--spacing--theme-s)\">\n\n<\/div>\n","protected":false},"excerpt":{"rendered":"<p>Situada en el coraz\u00f3n de la Presqu&#8217;\u00eele, la plaza de los Jacobinos es una de las m\u00e1s emblem\u00e1ticas de Lyon. Con su fuente monumental y su encanto haussmanniano, atrae a lugare\u00f1os y visitantes por igual, lo que la convierte en un lugar popular para pasear.<\/p>\n","protected":false},"author":2,"featured_media":4381,"comment_status":"open","ping_status":"open","sticky":false,"template":"","format":"standard","meta":{"_acf_changed":false,"inline_featured_image":false,"footnotes":""},"categories":[36],"tags":[],"class_list":["post-3150","post","type-post","status-publish","format-standard","has-post-thumbnail","hentry","category-visitas-culturales"],"acf":[],"yoast_head":"<!-- This site is optimized with the Yoast SEO plugin v27.4 - https:\/\/yoast.com\/product\/yoast-seo-wordpress\/ -->\n<title>Plaza de los Jacobinos Lyon - Globe Cecil<\/title>\n<meta name=\"description\" content=\"Globe &amp; Cecil - Plaza de los Jacobinos Lyon . Situada en el coraz\u00f3n de la Presqu&#039;\u00eele, la plaza de los Jacobinos es una de las m\u00e1s emblem\u00e1ticas de Lyon. Con su fuente monumental y su encanto haussmanniano, atrae a lugare\u00f1os y visitantes por igual, lo que la convierte en un lugar popular para pasear.\" \/>\n<meta name=\"robots\" content=\"index, follow, max-snippet:-1, max-image-preview:large, max-video-preview:-1\" \/>\n<link rel=\"canonical\" href=\"https:\/\/globeetcecilhotel.com\/es\/barrio-bellecour\/plaza-de-los-jacobinos-lyon\/\" \/>\n<meta property=\"og:locale\" content=\"es_ES\" \/>\n<meta property=\"og:type\" content=\"article\" \/>\n<meta property=\"og:title\" content=\"Plaza de los Jacobinos Lyon - Globe Cecil\" \/>\n<meta property=\"og:description\" content=\"Globe &amp; Cecil - Plaza de los Jacobinos Lyon . Situada en el coraz\u00f3n de la Presqu&#039;\u00eele, la plaza de los Jacobinos es una de las m\u00e1s emblem\u00e1ticas de Lyon. Con su fuente monumental y su encanto haussmanniano, atrae a lugare\u00f1os y visitantes por igual, lo que la convierte en un lugar popular para pasear.\" \/>\n<meta property=\"og:url\" content=\"https:\/\/globeetcecilhotel.com\/es\/barrio-bellecour\/plaza-de-los-jacobinos-lyon\/\" \/>\n<meta property=\"og:site_name\" content=\"Globe Cecil\" \/>\n<meta property=\"article:published_time\" content=\"2025-03-06T10:35:24+00:00\" \/>\n<meta property=\"article:modified_time\" content=\"2026-04-17T07:17:56+00:00\" \/>\n<meta property=\"og:image\" content=\"https:\/\/globeetcecilhotel.com\/wp-content\/uploads\/sites\/2\/2025\/03\/hotel_lyon2_jacobins.jpg\" \/>\n\t<meta property=\"og:image:width\" content=\"1620\" \/>\n\t<meta property=\"og:image:height\" content=\"1080\" \/>\n\t<meta property=\"og:image:type\" content=\"image\/jpeg\" \/>\n<meta name=\"author\" content=\"flachize\" \/>\n<meta name=\"twitter:card\" content=\"summary_large_image\" \/>\n<meta name=\"twitter:label1\" content=\"Escrito por\" \/>\n\t<meta name=\"twitter:data1\" content=\"flachize\" \/>\n\t<meta name=\"twitter:label2\" content=\"Tiempo de lectura\" \/>\n\t<meta name=\"twitter:data2\" content=\"2 minuto\" \/>\n<script type=\"application\/ld+json\" class=\"yoast-schema-graph\">{\"@context\":\"https:\\\/\\\/schema.org\",\"@graph\":[{\"@type\":\"Article\",\"@id\":\"https:\\\/\\\/globeetcecilhotel.com\\\/es\\\/barrio-bellecour\\\/plaza-de-los-jacobinos-lyon\\\/#article\",\"isPartOf\":{\"@id\":\"https:\\\/\\\/globeetcecilhotel.com\\\/es\\\/barrio-bellecour\\\/plaza-de-los-jacobinos-lyon\\\/\"},\"author\":{\"name\":\"flachize\",\"@id\":\"https:\\\/\\\/globeetcecilhotel.com\\\/es\\\/#\\\/schema\\\/person\\\/b3c9e279ff8ec8845926b6b9f54fbdb9\"},\"headline\":\"Plaza de los Jacobinos Lyon\",\"datePublished\":\"2025-03-06T10:35:24+00:00\",\"dateModified\":\"2026-04-17T07:17:56+00:00\",\"mainEntityOfPage\":{\"@id\":\"https:\\\/\\\/globeetcecilhotel.com\\\/es\\\/barrio-bellecour\\\/plaza-de-los-jacobinos-lyon\\\/\"},\"wordCount\":432,\"commentCount\":0,\"publisher\":{\"@id\":\"https:\\\/\\\/globeetcecilhotel.com\\\/es\\\/#organization\"},\"image\":{\"@id\":\"https:\\\/\\\/globeetcecilhotel.com\\\/es\\\/barrio-bellecour\\\/plaza-de-los-jacobinos-lyon\\\/#primaryimage\"},\"thumbnailUrl\":\"https:\\\/\\\/globeetcecilhotel.com\\\/wp-content\\\/uploads\\\/sites\\\/2\\\/2025\\\/03\\\/hotel_lyon2_jacobins.jpg\",\"articleSection\":[\"Visita cultural\"],\"inLanguage\":\"es\",\"potentialAction\":[{\"@type\":\"CommentAction\",\"name\":\"Comment\",\"target\":[\"https:\\\/\\\/globeetcecilhotel.com\\\/es\\\/barrio-bellecour\\\/plaza-de-los-jacobinos-lyon\\\/#respond\"]}]},{\"@type\":\"WebPage\",\"@id\":\"https:\\\/\\\/globeetcecilhotel.com\\\/es\\\/barrio-bellecour\\\/plaza-de-los-jacobinos-lyon\\\/\",\"url\":\"https:\\\/\\\/globeetcecilhotel.com\\\/es\\\/barrio-bellecour\\\/plaza-de-los-jacobinos-lyon\\\/\",\"name\":\"Plaza de los Jacobinos Lyon - Globe Cecil\",\"isPartOf\":{\"@id\":\"https:\\\/\\\/globeetcecilhotel.com\\\/es\\\/#website\"},\"primaryImageOfPage\":{\"@id\":\"https:\\\/\\\/globeetcecilhotel.com\\\/es\\\/barrio-bellecour\\\/plaza-de-los-jacobinos-lyon\\\/#primaryimage\"},\"image\":{\"@id\":\"https:\\\/\\\/globeetcecilhotel.com\\\/es\\\/barrio-bellecour\\\/plaza-de-los-jacobinos-lyon\\\/#primaryimage\"},\"thumbnailUrl\":\"https:\\\/\\\/globeetcecilhotel.com\\\/wp-content\\\/uploads\\\/sites\\\/2\\\/2025\\\/03\\\/hotel_lyon2_jacobins.jpg\",\"datePublished\":\"2025-03-06T10:35:24+00:00\",\"dateModified\":\"2026-04-17T07:17:56+00:00\",\"description\":\"Globe & Cecil - Plaza de los Jacobinos Lyon . Situada en el coraz\u00f3n de la Presqu'\u00eele, la plaza de los Jacobinos es una de las m\u00e1s emblem\u00e1ticas de Lyon. Con su fuente monumental y su encanto haussmanniano, atrae a lugare\u00f1os y visitantes por igual, lo que la convierte en un lugar popular para pasear.\",\"breadcrumb\":{\"@id\":\"https:\\\/\\\/globeetcecilhotel.com\\\/es\\\/barrio-bellecour\\\/plaza-de-los-jacobinos-lyon\\\/#breadcrumb\"},\"inLanguage\":\"es\",\"potentialAction\":[{\"@type\":\"ReadAction\",\"target\":[\"https:\\\/\\\/globeetcecilhotel.com\\\/es\\\/barrio-bellecour\\\/plaza-de-los-jacobinos-lyon\\\/\"]}]},{\"@type\":\"ImageObject\",\"inLanguage\":\"es\",\"@id\":\"https:\\\/\\\/globeetcecilhotel.com\\\/es\\\/barrio-bellecour\\\/plaza-de-los-jacobinos-lyon\\\/#primaryimage\",\"url\":\"https:\\\/\\\/globeetcecilhotel.com\\\/wp-content\\\/uploads\\\/sites\\\/2\\\/2025\\\/03\\\/hotel_lyon2_jacobins.jpg\",\"contentUrl\":\"https:\\\/\\\/globeetcecilhotel.com\\\/wp-content\\\/uploads\\\/sites\\\/2\\\/2025\\\/03\\\/hotel_lyon2_jacobins.jpg\",\"width\":1620,\"height\":1080,\"caption\":\"hotel lyon2 jacobins\"},{\"@type\":\"BreadcrumbList\",\"@id\":\"https:\\\/\\\/globeetcecilhotel.com\\\/es\\\/barrio-bellecour\\\/plaza-de-los-jacobinos-lyon\\\/#breadcrumb\",\"itemListElement\":[{\"@type\":\"ListItem\",\"position\":1,\"name\":\"Accueil\",\"item\":\"https:\\\/\\\/globeetcecilhotel.com\\\/es\\\/\"},{\"@type\":\"ListItem\",\"position\":2,\"name\":\"Visita cultural\",\"item\":\"https:\\\/\\\/globeetcecilhotel.com\\\/es\\\/le-quartier-bellecour\\\/visitas-culturales\\\/\"},{\"@type\":\"ListItem\",\"position\":3,\"name\":\"Plaza de los Jacobinos Lyon\"}]},{\"@type\":\"WebSite\",\"@id\":\"https:\\\/\\\/globeetcecilhotel.com\\\/es\\\/#website\",\"url\":\"https:\\\/\\\/globeetcecilhotel.com\\\/es\\\/\",\"name\":\"Globe Cecil\",\"description\":\"H\u00f4tel 4 \u00e9toiles \u00e0 Lyon\",\"publisher\":{\"@id\":\"https:\\\/\\\/globeetcecilhotel.com\\\/es\\\/#organization\"},\"potentialAction\":[{\"@type\":\"SearchAction\",\"target\":{\"@type\":\"EntryPoint\",\"urlTemplate\":\"https:\\\/\\\/globeetcecilhotel.com\\\/es\\\/?s={search_term_string}\"},\"query-input\":{\"@type\":\"PropertyValueSpecification\",\"valueRequired\":true,\"valueName\":\"search_term_string\"}}],\"inLanguage\":\"es\"},{\"@type\":\"Organization\",\"@id\":\"https:\\\/\\\/globeetcecilhotel.com\\\/es\\\/#organization\",\"name\":\"Globe Cecil\",\"url\":\"https:\\\/\\\/globeetcecilhotel.com\\\/es\\\/\",\"logo\":{\"@type\":\"ImageObject\",\"inLanguage\":\"es\",\"@id\":\"https:\\\/\\\/globeetcecilhotel.com\\\/es\\\/#\\\/schema\\\/logo\\\/image\\\/\",\"url\":\"https:\\\/\\\/globeetcecilhotel.com\\\/wp-content\\\/uploads\\\/sites\\\/2\\\/2025\\\/03\\\/LOGO-Globe-et-Cecil.svg\",\"contentUrl\":\"https:\\\/\\\/globeetcecilhotel.com\\\/wp-content\\\/uploads\\\/sites\\\/2\\\/2025\\\/03\\\/LOGO-Globe-et-Cecil.svg\",\"width\":108,\"height\":44,\"caption\":\"Globe Cecil\"},\"image\":{\"@id\":\"https:\\\/\\\/globeetcecilhotel.com\\\/es\\\/#\\\/schema\\\/logo\\\/image\\\/\"}},{\"@type\":\"Person\",\"@id\":\"https:\\\/\\\/globeetcecilhotel.com\\\/es\\\/#\\\/schema\\\/person\\\/b3c9e279ff8ec8845926b6b9f54fbdb9\",\"name\":\"flachize\",\"image\":{\"@type\":\"ImageObject\",\"inLanguage\":\"es\",\"@id\":\"https:\\\/\\\/secure.gravatar.com\\\/avatar\\\/24f0361cf67c21d4fae1db71b0897ec099d5f1fe2ef60420e3cd59b175a66e40?s=96&d=mm&r=g\",\"url\":\"https:\\\/\\\/secure.gravatar.com\\\/avatar\\\/24f0361cf67c21d4fae1db71b0897ec099d5f1fe2ef60420e3cd59b175a66e40?s=96&d=mm&r=g\",\"contentUrl\":\"https:\\\/\\\/secure.gravatar.com\\\/avatar\\\/24f0361cf67c21d4fae1db71b0897ec099d5f1fe2ef60420e3cd59b175a66e40?s=96&d=mm&r=g\",\"caption\":\"flachize\"},\"url\":\"https:\\\/\\\/globeetcecilhotel.com\\\/es\\\/author\\\/flachize\\\/\"}]}<\/script>\n<!-- \/ Yoast SEO plugin. -->","yoast_head_json":{"title":"Plaza de los Jacobinos Lyon - Globe Cecil","description":"Globe & Cecil - Plaza de los Jacobinos Lyon . Situada en el coraz\u00f3n de la Presqu'\u00eele, la plaza de los Jacobinos es una de las m\u00e1s emblem\u00e1ticas de Lyon. Con su fuente monumental y su encanto haussmanniano, atrae a lugare\u00f1os y visitantes por igual, lo que la convierte en un lugar popular para pasear.","robots":{"index":"index","follow":"follow","max-snippet":"max-snippet:-1","max-image-preview":"max-image-preview:large","max-video-preview":"max-video-preview:-1"},"canonical":"https:\/\/globeetcecilhotel.com\/es\/barrio-bellecour\/plaza-de-los-jacobinos-lyon\/","og_locale":"es_ES","og_type":"article","og_title":"Plaza de los Jacobinos Lyon - Globe Cecil","og_description":"Globe & Cecil - Plaza de los Jacobinos Lyon . Situada en el coraz\u00f3n de la Presqu'\u00eele, la plaza de los Jacobinos es una de las m\u00e1s emblem\u00e1ticas de Lyon. Con su fuente monumental y su encanto haussmanniano, atrae a lugare\u00f1os y visitantes por igual, lo que la convierte en un lugar popular para pasear.","og_url":"https:\/\/globeetcecilhotel.com\/es\/barrio-bellecour\/plaza-de-los-jacobinos-lyon\/","og_site_name":"Globe Cecil","article_published_time":"2025-03-06T10:35:24+00:00","article_modified_time":"2026-04-17T07:17:56+00:00","og_image":[{"width":1620,"height":1080,"url":"https:\/\/globeetcecilhotel.com\/wp-content\/uploads\/sites\/2\/2025\/03\/hotel_lyon2_jacobins.jpg","type":"image\/jpeg"}],"author":"flachize","twitter_card":"summary_large_image","twitter_misc":{"Escrito por":"flachize","Tiempo de lectura":"2 minuto"},"schema":{"@context":"https:\/\/schema.org","@graph":[{"@type":"Article","@id":"https:\/\/globeetcecilhotel.com\/es\/barrio-bellecour\/plaza-de-los-jacobinos-lyon\/#article","isPartOf":{"@id":"https:\/\/globeetcecilhotel.com\/es\/barrio-bellecour\/plaza-de-los-jacobinos-lyon\/"},"author":{"name":"flachize","@id":"https:\/\/globeetcecilhotel.com\/es\/#\/schema\/person\/b3c9e279ff8ec8845926b6b9f54fbdb9"},"headline":"Plaza de los Jacobinos Lyon","datePublished":"2025-03-06T10:35:24+00:00","dateModified":"2026-04-17T07:17:56+00:00","mainEntityOfPage":{"@id":"https:\/\/globeetcecilhotel.com\/es\/barrio-bellecour\/plaza-de-los-jacobinos-lyon\/"},"wordCount":432,"commentCount":0,"publisher":{"@id":"https:\/\/globeetcecilhotel.com\/es\/#organization"},"image":{"@id":"https:\/\/globeetcecilhotel.com\/es\/barrio-bellecour\/plaza-de-los-jacobinos-lyon\/#primaryimage"},"thumbnailUrl":"https:\/\/globeetcecilhotel.com\/wp-content\/uploads\/sites\/2\/2025\/03\/hotel_lyon2_jacobins.jpg","articleSection":["Visita cultural"],"inLanguage":"es","potentialAction":[{"@type":"CommentAction","name":"Comment","target":["https:\/\/globeetcecilhotel.com\/es\/barrio-bellecour\/plaza-de-los-jacobinos-lyon\/#respond"]}]},{"@type":"WebPage","@id":"https:\/\/globeetcecilhotel.com\/es\/barrio-bellecour\/plaza-de-los-jacobinos-lyon\/","url":"https:\/\/globeetcecilhotel.com\/es\/barrio-bellecour\/plaza-de-los-jacobinos-lyon\/","name":"Plaza de los Jacobinos Lyon - Globe Cecil","isPartOf":{"@id":"https:\/\/globeetcecilhotel.com\/es\/#website"},"primaryImageOfPage":{"@id":"https:\/\/globeetcecilhotel.com\/es\/barrio-bellecour\/plaza-de-los-jacobinos-lyon\/#primaryimage"},"image":{"@id":"https:\/\/globeetcecilhotel.com\/es\/barrio-bellecour\/plaza-de-los-jacobinos-lyon\/#primaryimage"},"thumbnailUrl":"https:\/\/globeetcecilhotel.com\/wp-content\/uploads\/sites\/2\/2025\/03\/hotel_lyon2_jacobins.jpg","datePublished":"2025-03-06T10:35:24+00:00","dateModified":"2026-04-17T07:17:56+00:00","description":"Globe & Cecil - Plaza de los Jacobinos Lyon . Situada en el coraz\u00f3n de la Presqu'\u00eele, la plaza de los Jacobinos es una de las m\u00e1s emblem\u00e1ticas de Lyon. Con su fuente monumental y su encanto haussmanniano, atrae a lugare\u00f1os y visitantes por igual, lo que la convierte en un lugar popular para pasear.","breadcrumb":{"@id":"https:\/\/globeetcecilhotel.com\/es\/barrio-bellecour\/plaza-de-los-jacobinos-lyon\/#breadcrumb"},"inLanguage":"es","potentialAction":[{"@type":"ReadAction","target":["https:\/\/globeetcecilhotel.com\/es\/barrio-bellecour\/plaza-de-los-jacobinos-lyon\/"]}]},{"@type":"ImageObject","inLanguage":"es","@id":"https:\/\/globeetcecilhotel.com\/es\/barrio-bellecour\/plaza-de-los-jacobinos-lyon\/#primaryimage","url":"https:\/\/globeetcecilhotel.com\/wp-content\/uploads\/sites\/2\/2025\/03\/hotel_lyon2_jacobins.jpg","contentUrl":"https:\/\/globeetcecilhotel.com\/wp-content\/uploads\/sites\/2\/2025\/03\/hotel_lyon2_jacobins.jpg","width":1620,"height":1080,"caption":"hotel lyon2 jacobins"},{"@type":"BreadcrumbList","@id":"https:\/\/globeetcecilhotel.com\/es\/barrio-bellecour\/plaza-de-los-jacobinos-lyon\/#breadcrumb","itemListElement":[{"@type":"ListItem","position":1,"name":"Accueil","item":"https:\/\/globeetcecilhotel.com\/es\/"},{"@type":"ListItem","position":2,"name":"Visita cultural","item":"https:\/\/globeetcecilhotel.com\/es\/le-quartier-bellecour\/visitas-culturales\/"},{"@type":"ListItem","position":3,"name":"Plaza de los Jacobinos Lyon"}]},{"@type":"WebSite","@id":"https:\/\/globeetcecilhotel.com\/es\/#website","url":"https:\/\/globeetcecilhotel.com\/es\/","name":"Globe Cecil","description":"H\u00f4tel 4 \u00e9toiles \u00e0 Lyon","publisher":{"@id":"https:\/\/globeetcecilhotel.com\/es\/#organization"},"potentialAction":[{"@type":"SearchAction","target":{"@type":"EntryPoint","urlTemplate":"https:\/\/globeetcecilhotel.com\/es\/?s={search_term_string}"},"query-input":{"@type":"PropertyValueSpecification","valueRequired":true,"valueName":"search_term_string"}}],"inLanguage":"es"},{"@type":"Organization","@id":"https:\/\/globeetcecilhotel.com\/es\/#organization","name":"Globe Cecil","url":"https:\/\/globeetcecilhotel.com\/es\/","logo":{"@type":"ImageObject","inLanguage":"es","@id":"https:\/\/globeetcecilhotel.com\/es\/#\/schema\/logo\/image\/","url":"https:\/\/globeetcecilhotel.com\/wp-content\/uploads\/sites\/2\/2025\/03\/LOGO-Globe-et-Cecil.svg","contentUrl":"https:\/\/globeetcecilhotel.com\/wp-content\/uploads\/sites\/2\/2025\/03\/LOGO-Globe-et-Cecil.svg","width":108,"height":44,"caption":"Globe Cecil"},"image":{"@id":"https:\/\/globeetcecilhotel.com\/es\/#\/schema\/logo\/image\/"}},{"@type":"Person","@id":"https:\/\/globeetcecilhotel.com\/es\/#\/schema\/person\/b3c9e279ff8ec8845926b6b9f54fbdb9","name":"flachize","image":{"@type":"ImageObject","inLanguage":"es","@id":"https:\/\/secure.gravatar.com\/avatar\/24f0361cf67c21d4fae1db71b0897ec099d5f1fe2ef60420e3cd59b175a66e40?s=96&d=mm&r=g","url":"https:\/\/secure.gravatar.com\/avatar\/24f0361cf67c21d4fae1db71b0897ec099d5f1fe2ef60420e3cd59b175a66e40?s=96&d=mm&r=g","contentUrl":"https:\/\/secure.gravatar.com\/avatar\/24f0361cf67c21d4fae1db71b0897ec099d5f1fe2ef60420e3cd59b175a66e40?s=96&d=mm&r=g","caption":"flachize"},"url":"https:\/\/globeetcecilhotel.com\/es\/author\/flachize\/"}]}},"_links":{"self":[{"href":"https:\/\/globeetcecilhotel.com\/es\/wp-json\/wp\/v2\/posts\/3150","targetHints":{"allow":["GET"]}}],"collection":[{"href":"https:\/\/globeetcecilhotel.com\/es\/wp-json\/wp\/v2\/posts"}],"about":[{"href":"https:\/\/globeetcecilhotel.com\/es\/wp-json\/wp\/v2\/types\/post"}],"author":[{"embeddable":true,"href":"https:\/\/globeetcecilhotel.com\/es\/wp-json\/wp\/v2\/users\/2"}],"replies":[{"embeddable":true,"href":"https:\/\/globeetcecilhotel.com\/es\/wp-json\/wp\/v2\/comments?post=3150"}],"version-history":[{"count":5,"href":"https:\/\/globeetcecilhotel.com\/es\/wp-json\/wp\/v2\/posts\/3150\/revisions"}],"predecessor-version":[{"id":7760,"href":"https:\/\/globeetcecilhotel.com\/es\/wp-json\/wp\/v2\/posts\/3150\/revisions\/7760"}],"wp:featuredmedia":[{"embeddable":true,"href":"https:\/\/globeetcecilhotel.com\/es\/wp-json\/wp\/v2\/media\/4381"}],"wp:attachment":[{"href":"https:\/\/globeetcecilhotel.com\/es\/wp-json\/wp\/v2\/media?parent=3150"}],"wp:term":[{"taxonomy":"category","embeddable":true,"href":"https:\/\/globeetcecilhotel.com\/es\/wp-json\/wp\/v2\/categories?post=3150"},{"taxonomy":"post_tag","embeddable":true,"href":"https:\/\/globeetcecilhotel.com\/es\/wp-json\/wp\/v2\/tags?post=3150"}],"curies":[{"name":"wp","href":"https:\/\/api.w.org\/{rel}","templated":true}]}}