{"id":3276,"date":"2025-03-06T11:35:05","date_gmt":"2025-03-06T10:35:05","guid":{"rendered":"https:\/\/globeetcecilhotel.com\/il-theatre-des-celestins\/"},"modified":"2026-04-17T09:21:03","modified_gmt":"2026-04-17T07:21:03","slug":"il-theatre-des-celestins","status":"publish","type":"post","link":"https:\/\/globeetcecilhotel.com\/it\/quartiere-bellecour\/il-theatre-des-celestins\/","title":{"rendered":"Il Th\u00e9\u00e2tre des C\u00e9lestins"},"content":{"rendered":"\n<section class=\"heading wp-elements-57b9f1d0886d6eb4b93aff51dd3a8a44 wp-elements-57b9f1d0886d6eb4b93aff51dd3a8a44 wp-block-acf-heading has-text-color has-primary-color has-background has-white-100-background-color\">\n\t<div class=\"heading__container\">\n\t\t\t\t\t<div class=\"heading__background-picture\">\n\t\t\t\t<img decoding=\"async\" width=\"720\" height=\"1080\" src=\"https:\/\/globeetcecilhotel.com\/wp-content\/uploads\/sites\/2\/2025\/03\/Hotel_Lyon_Bellecour2-1.jpg\" class=\"attachment-full size-full\" alt=\"Hotel Lyon Bellecour2 1\" fetchpriority=\"high\" srcset=\"https:\/\/globeetcecilhotel.com\/wp-content\/uploads\/sites\/2\/2025\/03\/Hotel_Lyon_Bellecour2-1.jpg 720w, https:\/\/globeetcecilhotel.com\/wp-content\/uploads\/sites\/2\/2025\/03\/Hotel_Lyon_Bellecour2-1-200x300.jpg 200w, https:\/\/globeetcecilhotel.com\/wp-content\/uploads\/sites\/2\/2025\/03\/Hotel_Lyon_Bellecour2-1-683x1024.jpg 683w\" sizes=\"(max-width: 720px) 100vw, 720px\" \/>\t\t\t<\/div>\n\t\t\t\t<div class=\"heading__layout\">\n\t\t\t<div class=\"heading__content-wrapper has-white-100-background-color\">\n\t\t\t\t<div class=\"heading__content has-white-100-background-color\">\n\t\t\t\t\t\t\t\t\t<p id=\"breadcrumbs\"><span><span><a href=\"https:\/\/globeetcecilhotel.com\/it\/\">Accueil<\/a><\/span><\/span><\/p>\t\t\t\t\t\t\t\t\t<div class=\"acf-innerblocks-container\">\n\n<div class=\"wp-block-group heading-content-group is-layout-grid wp-container-core-group-is-layout-96b258e4 wp-block-group-is-layout-grid\">\n<h1 class=\"wp-block-heading has-text-align-left heading__title has-primary-color has-text-color has-xx-large-font-size\">Il Th\u00e9\u00e2tre des C\u00e9lestins<\/h1>\n<\/div>\n\n<\/div>\n\t\t\t\t<\/div>\n\t\t\t\t\t\t\t\t<div class=\"heading__illustration illustration-with-parallax desktop-only\">\n\t\t\t\t\t<img decoding=\"async\" width=\"350\" height=\"350\" src=\"https:\/\/globeetcecilhotel.com\/wp-content\/uploads\/sites\/2\/2025\/04\/BALLON-statique.png\" class=\"attachment-full size-full\" alt=\"BALLON statique\" fetchpriority=\"high\" srcset=\"https:\/\/globeetcecilhotel.com\/wp-content\/uploads\/sites\/2\/2025\/04\/BALLON-statique.png 350w, https:\/\/globeetcecilhotel.com\/wp-content\/uploads\/sites\/2\/2025\/04\/BALLON-statique-300x300.png 300w\" sizes=\"(max-width: 350px) 100vw, 350px\" \/>\t\t\t\t<\/div>\n\t\t\t\t\t\t\t<\/div>\n\t\t<\/div>\n\t<\/div>\n<\/section>\n\n\n\t<section\n\t\tstyle=\"padding-top:var(--wp--preset--spacing--theme-default);padding-bottom:var(--wp--preset--spacing--theme-default);\" class=\"block-container align wp-block-acf-block-container has-background has-white-background-color is-layout-flow wp-block-acf-block-container-is-layout-flow\"\t>\n\n\t\n\n<div class=\"wp-block-group has-global-padding is-layout-constrained wp-block-group-is-layout-constrained\">\n<h3 class=\"wp-block-heading has-text-align-left\">Una storia in tre atti<\/h3>\n\n\n\n<p class=\"has-large-font-size\">Atto I: Da monaci ad attori<\/p>\n\n\n\n<p>Prima di risuonare tra gli applausi del pubblico, il Th\u00e9\u00e2tre des C\u00e9lestins ospitava&#8230; un convento! I monaci Celestini occuparono il luogo a partire dal XV secolo. Ma nel 1779 cala il sipario sul loro capitolo religioso: il convento viene trasformato in un teatro. Si potrebbe dire che i C\u00e9lestins hanno lasciato il posto a un&#8217;altra forma di sacralit\u00e0&#8230; quella del palcoscenico!   <br\/><\/p>\n\n\n\n<p class=\"has-large-font-size\">Atto II: Fuoco, fiamme e rinascita<\/p>\n\n\n\n<p>Come tutti i grandi attori, anche il teatro ha avuto le sue tragiche vicissitudini. Due incendi, nel 1871 e nel 1880, hanno distrutto l&#8217;edificio. Tuttavia, come una fenice (e non il Ph\u00e9nix H\u00f4tel), \u00e8 risorto dalle sue ceneri grazie all&#8217;architetto Gaspard Andr\u00e9, che gli ha conferito l&#8217;aspetto attuale: una facciata maestosa, una sontuosa sala all&#8217;italiana e quel famoso lampadario che sembra catturare le stelle.  <br\/><\/p>\n\n\n\n<p class=\"has-large-font-size\">Atto III: Il tempio della diversit\u00e0<\/p>\n\n\n\n<p>Oggi il Th\u00e9\u00e2tre des C\u00e9lestins \u00e8 un importante centro di creazione teatrale in Francia. Da Moli\u00e8re ai drammaturghi contemporanei, ospita una gamma eclettica di opere, pur rimanendo una parte fondamentale del patrimonio di Lione.<\/p>\n<\/div>\n\n\n\n<div\nclass=\"slider slider__is-gallery alignfull wp-block-acf-slider\" id=\"slider-id-1\" data-gallery-id=\"gallery-slider-id-1\">\n\t<div class=\"wp-block-group\n\t\t\tswiper\">\n\t\t<div class=\"swiper-wrapper slider__innerblocks\">\n\t\t\t<div\n\t\tclass=\"card swiper-slide wp-block-acf-card\" id=\"card-id--1\"\t\t>\n\t\n\t\t\t\t\t\t<a href=\"https:\/\/globeetcecilhotel.com\/wp-content\/uploads\/sites\/2\/2025\/03\/theatre_dess_celestins_lyon4.jpg\" data-fancybox=\"gallery\" data-caption=\"theatre dess celestins lyon4\"\n\t\t\t>\n\t\t\t\t<img decoding=\"async\" width=\"683\" height=\"1024\" src=\"https:\/\/globeetcecilhotel.com\/wp-content\/uploads\/sites\/2\/2025\/03\/theatre_dess_celestins_lyon4-683x1024.jpg\" class=\"card__image\" alt=\"theatre dess celestins lyon4\" srcset=\"https:\/\/globeetcecilhotel.com\/wp-content\/uploads\/sites\/2\/2025\/03\/theatre_dess_celestins_lyon4-683x1024.jpg 683w, https:\/\/globeetcecilhotel.com\/wp-content\/uploads\/sites\/2\/2025\/03\/theatre_dess_celestins_lyon4-200x300.jpg 200w, https:\/\/globeetcecilhotel.com\/wp-content\/uploads\/sites\/2\/2025\/03\/theatre_dess_celestins_lyon4.jpg 720w\" sizes=\"(max-width: 683px) 100vw, 683px\" \/>\t\t\t\t\t<\/a>\n\t\t\t\n\t\t<\/div>\n\t\n\n\t\t\t<div\n\t\tclass=\"card swiper-slide wp-block-acf-card\" id=\"card-id--2\"\t\t>\n\t\n\t\t\t\t\t\t<a href=\"https:\/\/globeetcecilhotel.com\/wp-content\/uploads\/sites\/2\/2025\/03\/theatre_dess_celestins_lyon5.jpg\" data-fancybox=\"gallery\" data-caption=\"theatre dess celestins lyon5\"\n\t\t\t>\n\t\t\t\t<img decoding=\"async\" width=\"683\" height=\"1024\" src=\"https:\/\/globeetcecilhotel.com\/wp-content\/uploads\/sites\/2\/2025\/03\/theatre_dess_celestins_lyon5-683x1024.jpg\" class=\"card__image\" alt=\"theatre dess celestins lyon5\" srcset=\"https:\/\/globeetcecilhotel.com\/wp-content\/uploads\/sites\/2\/2025\/03\/theatre_dess_celestins_lyon5-683x1024.jpg 683w, https:\/\/globeetcecilhotel.com\/wp-content\/uploads\/sites\/2\/2025\/03\/theatre_dess_celestins_lyon5-200x300.jpg 200w, https:\/\/globeetcecilhotel.com\/wp-content\/uploads\/sites\/2\/2025\/03\/theatre_dess_celestins_lyon5.jpg 720w\" sizes=\"(max-width: 683px) 100vw, 683px\" \/>\t\t\t\t\t<\/a>\n\t\t\t\n\t\t<\/div>\n\t\n\n\t\t\t<div\n\t\tclass=\"card swiper-slide wp-block-acf-card\" id=\"card-id--3\"\t\t>\n\t\n\t\t\t\t\t\t<a href=\"https:\/\/globeetcecilhotel.com\/wp-content\/uploads\/sites\/2\/2025\/03\/theatre_dess_celestins_lyon6.jpg\" data-fancybox=\"gallery\" data-caption=\"theatre dess celestins lyon6\"\n\t\t\t>\n\t\t\t\t<img decoding=\"async\" width=\"683\" height=\"1024\" src=\"https:\/\/globeetcecilhotel.com\/wp-content\/uploads\/sites\/2\/2025\/03\/theatre_dess_celestins_lyon6-683x1024.jpg\" class=\"card__image\" alt=\"theatre dess celestins lyon6\" srcset=\"https:\/\/globeetcecilhotel.com\/wp-content\/uploads\/sites\/2\/2025\/03\/theatre_dess_celestins_lyon6-683x1024.jpg 683w, https:\/\/globeetcecilhotel.com\/wp-content\/uploads\/sites\/2\/2025\/03\/theatre_dess_celestins_lyon6-200x300.jpg 200w, https:\/\/globeetcecilhotel.com\/wp-content\/uploads\/sites\/2\/2025\/03\/theatre_dess_celestins_lyon6.jpg 720w\" sizes=\"(max-width: 683px) 100vw, 683px\" \/>\t\t\t\t\t<\/a>\n\t\t\t\n\t\t<\/div>\n\t\n\n\t\t\t<div\n\t\tclass=\"card swiper-slide wp-block-acf-card\" id=\"card-id--4\"\t\t>\n\t\n\t\t\t\t\t\t<a href=\"https:\/\/globeetcecilhotel.com\/wp-content\/uploads\/sites\/2\/2025\/03\/theatre_dess_celestins_lyon7.jpg\" data-fancybox=\"gallery\" data-caption=\"teatro dess celestins lione7\"\n\t\t\t>\n\t\t\t\t<img decoding=\"async\" width=\"683\" height=\"1024\" src=\"https:\/\/globeetcecilhotel.com\/wp-content\/uploads\/sites\/2\/2025\/03\/theatre_dess_celestins_lyon7-683x1024.jpg\" class=\"card__image\" alt=\"teatro dess celestins lione7\" srcset=\"https:\/\/globeetcecilhotel.com\/wp-content\/uploads\/sites\/2\/2025\/03\/theatre_dess_celestins_lyon7-683x1024.jpg 683w, https:\/\/globeetcecilhotel.com\/wp-content\/uploads\/sites\/2\/2025\/03\/theatre_dess_celestins_lyon7-200x300.jpg 200w, https:\/\/globeetcecilhotel.com\/wp-content\/uploads\/sites\/2\/2025\/03\/theatre_dess_celestins_lyon7.jpg 720w\" sizes=\"(max-width: 683px) 100vw, 683px\" \/>\t\t\t\t\t<\/a>\n\t\t\t\n\t\t<\/div>\n\t\n\n\t\t\t<div\n\t\tclass=\"card swiper-slide wp-block-acf-card\" id=\"card-id--5\"\t\t>\n\t\n\t\t\t\t\t\t<a href=\"https:\/\/globeetcecilhotel.com\/wp-content\/uploads\/sites\/2\/2025\/03\/theatre_dess_celestins_lyon1.jpg\" data-fancybox=\"gallery\" data-caption=\"theatre dess celestins lyon1\"\n\t\t\t>\n\t\t\t\t<img decoding=\"async\" width=\"683\" height=\"1024\" src=\"https:\/\/globeetcecilhotel.com\/wp-content\/uploads\/sites\/2\/2025\/03\/theatre_dess_celestins_lyon1-683x1024.jpg\" class=\"card__image\" alt=\"theatre dess celestins lyon1\" srcset=\"https:\/\/globeetcecilhotel.com\/wp-content\/uploads\/sites\/2\/2025\/03\/theatre_dess_celestins_lyon1-683x1024.jpg 683w, https:\/\/globeetcecilhotel.com\/wp-content\/uploads\/sites\/2\/2025\/03\/theatre_dess_celestins_lyon1-200x300.jpg 200w, https:\/\/globeetcecilhotel.com\/wp-content\/uploads\/sites\/2\/2025\/03\/theatre_dess_celestins_lyon1.jpg 720w\" sizes=\"(max-width: 683px) 100vw, 683px\" \/>\t\t\t\t\t<\/a>\n\t\t\t\n\t\t<\/div>\n\t\n\n\t\t\t<div\n\t\tclass=\"card swiper-slide wp-block-acf-card\" id=\"card-id--6\"\t\t>\n\t\n\t\t\t\t\t\t<a href=\"https:\/\/globeetcecilhotel.com\/wp-content\/uploads\/sites\/2\/2025\/03\/theatre_dess_celestins_lyon.jpg\" data-fancybox=\"gallery\" data-caption=\"theatre dess celestins lyon\"\n\t\t\t>\n\t\t\t\t<img decoding=\"async\" width=\"683\" height=\"1024\" src=\"https:\/\/globeetcecilhotel.com\/wp-content\/uploads\/sites\/2\/2025\/03\/theatre_dess_celestins_lyon-683x1024.jpg\" class=\"card__image\" alt=\"theatre dess celestins lyon\" srcset=\"https:\/\/globeetcecilhotel.com\/wp-content\/uploads\/sites\/2\/2025\/03\/theatre_dess_celestins_lyon-683x1024.jpg 683w, https:\/\/globeetcecilhotel.com\/wp-content\/uploads\/sites\/2\/2025\/03\/theatre_dess_celestins_lyon-200x300.jpg 200w, https:\/\/globeetcecilhotel.com\/wp-content\/uploads\/sites\/2\/2025\/03\/theatre_dess_celestins_lyon.jpg 720w\" sizes=\"(max-width: 683px) 100vw, 683px\" \/>\t\t\t\t\t<\/a>\n\t\t\t\n\t\t<\/div>\n\t\n<\/div>\n\t\t\t\t<div class=\"button-prev\">\n\t\t\t<svg xmlns=\"http:\/\/www.w3.org\/2000\/svg\" viewBox=\"0 0 448 512\">\n\t\t\t\t<path\n\t\t\t\t\td=\"M12.7 244.7L1.4 256l11.3 11.3 168 168L192 446.6 214.6 424l-11.3-11.3L62.6 272 432 272l16 0 0-32-16 0L62.6 240 203.3 99.3 214.6 88 192 65.4 180.7 76.7l-168 168z\" \/>\n\t\t\t<\/svg>\n\t\t<\/div>\n\t\t<div class=\"button-next\">\n\t\t\t<svg xmlns=\"http:\/\/www.w3.org\/2000\/svg\" viewBox=\"0 0 448 512\">\n\t\t\t\t<path\n\t\t\t\t\td=\"M435.3 267.3L446.6 256l-11.3-11.3-168-168L256 65.4 233.4 88l11.3 11.3L385.4 240 16 240 0 240l0 32 16 0 369.4 0L244.7 412.7 233.4 424 256 446.6l11.3-11.3 168-168z\" \/>\n\t\t\t<\/svg>\n\t\t<\/div>\n\t\t\t<\/div><!-- .swiper -->\n\n\t\t<div id=\"slider__gallery-button--slider-id-1\"\n\t\tclass=\"slider__gallery-button wp-block-button is-style-label-button is-style-label-button--5\"\n\t\tdata-gallery-trigger=\"gallery-slider-id-1\">\n\t\t<a class=\"wp-block-button__link wp-element-button\">Aprire la galleria fotografica<\/a>\n\t<\/div>\n\t<\/div>\n\n\n\n<\/section>\n\n\t<section\n\t\tstyle=\"padding-top:var(--wp--preset--spacing--theme-default);padding-bottom:var(--wp--preset--spacing--theme-default);\" class=\"block-container align wp-block-acf-block-container has-background has-white-100-background-color has-global-padding is-layout-constrained wp-container-acf-block-container-is-layout-89fc666d wp-block-acf-block-container-is-layout-constrained\"\t>\n\n\t\n\n<h3 class=\"wp-block-heading has-text-align-center\">Volete visitare altre parti di Lyon Bellecour? Ecco la nostra selezione di luoghi, negozi e specialit\u00e0 da non perdere.<\/h3>\n\n\n\n<div class=\"wp-block-buttons is-content-justification-center is-layout-flex wp-container-core-buttons-is-layout-a89b3969 wp-block-buttons-is-layout-flex\">\n<div class=\"wp-block-button is-style-label-button is-style-label-button--1\"><a class=\"wp-block-button__link wp-element-button\" href=\"https:\/\/globeetcecilhotel.com\/it\/quartiere-bellecour\/\">Visita Lyon Bellecour<\/a><\/div>\n<\/div>\n\n\n\n<\/section>\n\n<div class=\"wp-block-group has-white-background-color has-background is-content-justification-space-between is-nowrap is-layout-flex wp-container-core-group-is-layout-098ab513 wp-block-group-is-layout-flex\" style=\"padding-top:var(--wp--preset--spacing--theme-m);padding-right:var(--wp--preset--spacing--theme-s);padding-bottom:var(--wp--preset--spacing--theme-m);padding-left:var(--wp--preset--spacing--theme-s)\">\n\n<\/div>\n","protected":false},"excerpt":{"rendered":"<p>Immerso in una sontuosa cornice architettonica a due passi da Place Bellecour, il Th\u00e9\u00e2tre des C\u00e9lestins \u00e8 molto pi\u00f9 di un semplice palcoscenico. \u00c8 un monumento vivente, dove si fondono storia, aneddoti gustosi e la magia del teatro.  <\/p>\n","protected":false},"author":2,"featured_media":4379,"comment_status":"open","ping_status":"open","sticky":false,"template":"","format":"standard","meta":{"_acf_changed":false,"inline_featured_image":false,"footnotes":""},"categories":[41],"tags":[],"class_list":["post-3276","post","type-post","status-publish","format-standard","has-post-thumbnail","hentry","category-vita-notturna-ed-eventi"],"acf":[],"yoast_head":"<!-- This site is optimized with the Yoast SEO plugin v27.4 - https:\/\/yoast.com\/product\/yoast-seo-wordpress\/ -->\n<title>Il Th\u00e9\u00e2tre des C\u00e9lestins - Globe Cecil<\/title>\n<meta name=\"description\" content=\"Globe &amp; Cecil - Il Th\u00e9\u00e2tre des C\u00e9lestins . Immerso in una sontuosa cornice architettonica a due passi da Place Bellecour, il Th\u00e9\u00e2tre des C\u00e9lestins \u00e8 molto pi\u00f9 di un semplice palcoscenico. \u00c8 un monumento vivente, dove si fondono storia, aneddoti gustosi e la magia del teatro.\" \/>\n<meta name=\"robots\" content=\"index, follow, max-snippet:-1, max-image-preview:large, max-video-preview:-1\" \/>\n<link rel=\"canonical\" href=\"https:\/\/globeetcecilhotel.com\/it\/quartiere-bellecour\/il-theatre-des-celestins\/\" \/>\n<meta property=\"og:locale\" content=\"it_IT\" \/>\n<meta property=\"og:type\" content=\"article\" \/>\n<meta property=\"og:title\" content=\"Il Th\u00e9\u00e2tre des C\u00e9lestins - Globe Cecil\" \/>\n<meta property=\"og:description\" content=\"Globe &amp; Cecil - Il Th\u00e9\u00e2tre des C\u00e9lestins . Immerso in una sontuosa cornice architettonica a due passi da Place Bellecour, il Th\u00e9\u00e2tre des C\u00e9lestins \u00e8 molto pi\u00f9 di un semplice palcoscenico. \u00c8 un monumento vivente, dove si fondono storia, aneddoti gustosi e la magia del teatro.\" \/>\n<meta property=\"og:url\" content=\"https:\/\/globeetcecilhotel.com\/it\/quartiere-bellecour\/il-theatre-des-celestins\/\" \/>\n<meta property=\"og:site_name\" content=\"Globe Cecil\" \/>\n<meta property=\"article:published_time\" content=\"2025-03-06T10:35:05+00:00\" \/>\n<meta property=\"article:modified_time\" content=\"2026-04-17T07:21:03+00:00\" \/>\n<meta property=\"og:image\" content=\"https:\/\/globeetcecilhotel.com\/wp-content\/uploads\/sites\/2\/2025\/03\/theatre_dess_celestins_lyon7.jpg\" \/>\n\t<meta property=\"og:image:width\" content=\"720\" \/>\n\t<meta property=\"og:image:height\" content=\"1080\" \/>\n\t<meta property=\"og:image:type\" content=\"image\/jpeg\" \/>\n<meta name=\"author\" content=\"flachize\" \/>\n<meta name=\"twitter:card\" content=\"summary_large_image\" \/>\n<meta name=\"twitter:label1\" content=\"Scritto da\" \/>\n\t<meta name=\"twitter:data1\" content=\"flachize\" \/>\n\t<meta name=\"twitter:label2\" content=\"Tempo di lettura stimato\" \/>\n\t<meta name=\"twitter:data2\" content=\"1 minuto\" \/>\n<script type=\"application\/ld+json\" class=\"yoast-schema-graph\">{\"@context\":\"https:\\\/\\\/schema.org\",\"@graph\":[{\"@type\":\"Article\",\"@id\":\"https:\\\/\\\/globeetcecilhotel.com\\\/it\\\/quartiere-bellecour\\\/il-theatre-des-celestins\\\/#article\",\"isPartOf\":{\"@id\":\"https:\\\/\\\/globeetcecilhotel.com\\\/it\\\/quartiere-bellecour\\\/il-theatre-des-celestins\\\/\"},\"author\":{\"name\":\"flachize\",\"@id\":\"https:\\\/\\\/globeetcecilhotel.com\\\/it\\\/#\\\/schema\\\/person\\\/b3c9e279ff8ec8845926b6b9f54fbdb9\"},\"headline\":\"Il Th\u00e9\u00e2tre des C\u00e9lestins\",\"datePublished\":\"2025-03-06T10:35:05+00:00\",\"dateModified\":\"2026-04-17T07:21:03+00:00\",\"mainEntityOfPage\":{\"@id\":\"https:\\\/\\\/globeetcecilhotel.com\\\/it\\\/quartiere-bellecour\\\/il-theatre-des-celestins\\\/\"},\"wordCount\":224,\"commentCount\":0,\"publisher\":{\"@id\":\"https:\\\/\\\/globeetcecilhotel.com\\\/it\\\/#organization\"},\"image\":{\"@id\":\"https:\\\/\\\/globeetcecilhotel.com\\\/it\\\/quartiere-bellecour\\\/il-theatre-des-celestins\\\/#primaryimage\"},\"thumbnailUrl\":\"https:\\\/\\\/globeetcecilhotel.com\\\/wp-content\\\/uploads\\\/sites\\\/2\\\/2025\\\/03\\\/theatre_dess_celestins_lyon7.jpg\",\"articleSection\":[\"Vita notturna e festeggiamenti\"],\"inLanguage\":\"it-IT\",\"potentialAction\":[{\"@type\":\"CommentAction\",\"name\":\"Comment\",\"target\":[\"https:\\\/\\\/globeetcecilhotel.com\\\/it\\\/quartiere-bellecour\\\/il-theatre-des-celestins\\\/#respond\"]}]},{\"@type\":\"WebPage\",\"@id\":\"https:\\\/\\\/globeetcecilhotel.com\\\/it\\\/quartiere-bellecour\\\/il-theatre-des-celestins\\\/\",\"url\":\"https:\\\/\\\/globeetcecilhotel.com\\\/it\\\/quartiere-bellecour\\\/il-theatre-des-celestins\\\/\",\"name\":\"Il Th\u00e9\u00e2tre des C\u00e9lestins - Globe Cecil\",\"isPartOf\":{\"@id\":\"https:\\\/\\\/globeetcecilhotel.com\\\/it\\\/#website\"},\"primaryImageOfPage\":{\"@id\":\"https:\\\/\\\/globeetcecilhotel.com\\\/it\\\/quartiere-bellecour\\\/il-theatre-des-celestins\\\/#primaryimage\"},\"image\":{\"@id\":\"https:\\\/\\\/globeetcecilhotel.com\\\/it\\\/quartiere-bellecour\\\/il-theatre-des-celestins\\\/#primaryimage\"},\"thumbnailUrl\":\"https:\\\/\\\/globeetcecilhotel.com\\\/wp-content\\\/uploads\\\/sites\\\/2\\\/2025\\\/03\\\/theatre_dess_celestins_lyon7.jpg\",\"datePublished\":\"2025-03-06T10:35:05+00:00\",\"dateModified\":\"2026-04-17T07:21:03+00:00\",\"description\":\"Globe & Cecil - Il Th\u00e9\u00e2tre des C\u00e9lestins . Immerso in una sontuosa cornice architettonica a due passi da Place Bellecour, il Th\u00e9\u00e2tre des C\u00e9lestins \u00e8 molto pi\u00f9 di un semplice palcoscenico. \u00c8 un monumento vivente, dove si fondono storia, aneddoti gustosi e la magia del teatro.\",\"breadcrumb\":{\"@id\":\"https:\\\/\\\/globeetcecilhotel.com\\\/it\\\/quartiere-bellecour\\\/il-theatre-des-celestins\\\/#breadcrumb\"},\"inLanguage\":\"it-IT\",\"potentialAction\":[{\"@type\":\"ReadAction\",\"target\":[\"https:\\\/\\\/globeetcecilhotel.com\\\/it\\\/quartiere-bellecour\\\/il-theatre-des-celestins\\\/\"]}]},{\"@type\":\"ImageObject\",\"inLanguage\":\"it-IT\",\"@id\":\"https:\\\/\\\/globeetcecilhotel.com\\\/it\\\/quartiere-bellecour\\\/il-theatre-des-celestins\\\/#primaryimage\",\"url\":\"https:\\\/\\\/globeetcecilhotel.com\\\/wp-content\\\/uploads\\\/sites\\\/2\\\/2025\\\/03\\\/theatre_dess_celestins_lyon7.jpg\",\"contentUrl\":\"https:\\\/\\\/globeetcecilhotel.com\\\/wp-content\\\/uploads\\\/sites\\\/2\\\/2025\\\/03\\\/theatre_dess_celestins_lyon7.jpg\",\"width\":720,\"height\":1080,\"caption\":\"teatro dess celestins lione7\"},{\"@type\":\"BreadcrumbList\",\"@id\":\"https:\\\/\\\/globeetcecilhotel.com\\\/it\\\/quartiere-bellecour\\\/il-theatre-des-celestins\\\/#breadcrumb\",\"itemListElement\":[{\"@type\":\"ListItem\",\"position\":1,\"name\":\"Accueil\",\"item\":\"https:\\\/\\\/globeetcecilhotel.com\\\/it\\\/\"},{\"@type\":\"ListItem\",\"position\":2,\"name\":\"Vita notturna e festeggiamenti\",\"item\":\"https:\\\/\\\/globeetcecilhotel.com\\\/it\\\/le-quartier-bellecour\\\/vita-notturna-ed-eventi\\\/\"},{\"@type\":\"ListItem\",\"position\":3,\"name\":\"Il Th\u00e9\u00e2tre des C\u00e9lestins\"}]},{\"@type\":\"WebSite\",\"@id\":\"https:\\\/\\\/globeetcecilhotel.com\\\/it\\\/#website\",\"url\":\"https:\\\/\\\/globeetcecilhotel.com\\\/it\\\/\",\"name\":\"Globe Cecil\",\"description\":\"H\u00f4tel 4 \u00e9toiles \u00e0 Lyon\",\"publisher\":{\"@id\":\"https:\\\/\\\/globeetcecilhotel.com\\\/it\\\/#organization\"},\"potentialAction\":[{\"@type\":\"SearchAction\",\"target\":{\"@type\":\"EntryPoint\",\"urlTemplate\":\"https:\\\/\\\/globeetcecilhotel.com\\\/it\\\/?s={search_term_string}\"},\"query-input\":{\"@type\":\"PropertyValueSpecification\",\"valueRequired\":true,\"valueName\":\"search_term_string\"}}],\"inLanguage\":\"it-IT\"},{\"@type\":\"Organization\",\"@id\":\"https:\\\/\\\/globeetcecilhotel.com\\\/it\\\/#organization\",\"name\":\"Globe Cecil\",\"url\":\"https:\\\/\\\/globeetcecilhotel.com\\\/it\\\/\",\"logo\":{\"@type\":\"ImageObject\",\"inLanguage\":\"it-IT\",\"@id\":\"https:\\\/\\\/globeetcecilhotel.com\\\/it\\\/#\\\/schema\\\/logo\\\/image\\\/\",\"url\":\"https:\\\/\\\/globeetcecilhotel.com\\\/wp-content\\\/uploads\\\/sites\\\/2\\\/2025\\\/03\\\/LOGO-Globe-et-Cecil.svg\",\"contentUrl\":\"https:\\\/\\\/globeetcecilhotel.com\\\/wp-content\\\/uploads\\\/sites\\\/2\\\/2025\\\/03\\\/LOGO-Globe-et-Cecil.svg\",\"width\":108,\"height\":44,\"caption\":\"Globe Cecil\"},\"image\":{\"@id\":\"https:\\\/\\\/globeetcecilhotel.com\\\/it\\\/#\\\/schema\\\/logo\\\/image\\\/\"}},{\"@type\":\"Person\",\"@id\":\"https:\\\/\\\/globeetcecilhotel.com\\\/it\\\/#\\\/schema\\\/person\\\/b3c9e279ff8ec8845926b6b9f54fbdb9\",\"name\":\"flachize\",\"image\":{\"@type\":\"ImageObject\",\"inLanguage\":\"it-IT\",\"@id\":\"https:\\\/\\\/secure.gravatar.com\\\/avatar\\\/24f0361cf67c21d4fae1db71b0897ec099d5f1fe2ef60420e3cd59b175a66e40?s=96&d=mm&r=g\",\"url\":\"https:\\\/\\\/secure.gravatar.com\\\/avatar\\\/24f0361cf67c21d4fae1db71b0897ec099d5f1fe2ef60420e3cd59b175a66e40?s=96&d=mm&r=g\",\"contentUrl\":\"https:\\\/\\\/secure.gravatar.com\\\/avatar\\\/24f0361cf67c21d4fae1db71b0897ec099d5f1fe2ef60420e3cd59b175a66e40?s=96&d=mm&r=g\",\"caption\":\"flachize\"},\"url\":\"https:\\\/\\\/globeetcecilhotel.com\\\/it\\\/author\\\/flachize\\\/\"}]}<\/script>\n<!-- \/ Yoast SEO plugin. -->","yoast_head_json":{"title":"Il Th\u00e9\u00e2tre des C\u00e9lestins - Globe Cecil","description":"Globe & Cecil - Il Th\u00e9\u00e2tre des C\u00e9lestins . Immerso in una sontuosa cornice architettonica a due passi da Place Bellecour, il Th\u00e9\u00e2tre des C\u00e9lestins \u00e8 molto pi\u00f9 di un semplice palcoscenico. \u00c8 un monumento vivente, dove si fondono storia, aneddoti gustosi e la magia del teatro.","robots":{"index":"index","follow":"follow","max-snippet":"max-snippet:-1","max-image-preview":"max-image-preview:large","max-video-preview":"max-video-preview:-1"},"canonical":"https:\/\/globeetcecilhotel.com\/it\/quartiere-bellecour\/il-theatre-des-celestins\/","og_locale":"it_IT","og_type":"article","og_title":"Il Th\u00e9\u00e2tre des C\u00e9lestins - Globe Cecil","og_description":"Globe & Cecil - Il Th\u00e9\u00e2tre des C\u00e9lestins . Immerso in una sontuosa cornice architettonica a due passi da Place Bellecour, il Th\u00e9\u00e2tre des C\u00e9lestins \u00e8 molto pi\u00f9 di un semplice palcoscenico. \u00c8 un monumento vivente, dove si fondono storia, aneddoti gustosi e la magia del teatro.","og_url":"https:\/\/globeetcecilhotel.com\/it\/quartiere-bellecour\/il-theatre-des-celestins\/","og_site_name":"Globe Cecil","article_published_time":"2025-03-06T10:35:05+00:00","article_modified_time":"2026-04-17T07:21:03+00:00","og_image":[{"width":720,"height":1080,"url":"https:\/\/globeetcecilhotel.com\/wp-content\/uploads\/sites\/2\/2025\/03\/theatre_dess_celestins_lyon7.jpg","type":"image\/jpeg"}],"author":"flachize","twitter_card":"summary_large_image","twitter_misc":{"Scritto da":"flachize","Tempo di lettura stimato":"1 minuto"},"schema":{"@context":"https:\/\/schema.org","@graph":[{"@type":"Article","@id":"https:\/\/globeetcecilhotel.com\/it\/quartiere-bellecour\/il-theatre-des-celestins\/#article","isPartOf":{"@id":"https:\/\/globeetcecilhotel.com\/it\/quartiere-bellecour\/il-theatre-des-celestins\/"},"author":{"name":"flachize","@id":"https:\/\/globeetcecilhotel.com\/it\/#\/schema\/person\/b3c9e279ff8ec8845926b6b9f54fbdb9"},"headline":"Il Th\u00e9\u00e2tre des C\u00e9lestins","datePublished":"2025-03-06T10:35:05+00:00","dateModified":"2026-04-17T07:21:03+00:00","mainEntityOfPage":{"@id":"https:\/\/globeetcecilhotel.com\/it\/quartiere-bellecour\/il-theatre-des-celestins\/"},"wordCount":224,"commentCount":0,"publisher":{"@id":"https:\/\/globeetcecilhotel.com\/it\/#organization"},"image":{"@id":"https:\/\/globeetcecilhotel.com\/it\/quartiere-bellecour\/il-theatre-des-celestins\/#primaryimage"},"thumbnailUrl":"https:\/\/globeetcecilhotel.com\/wp-content\/uploads\/sites\/2\/2025\/03\/theatre_dess_celestins_lyon7.jpg","articleSection":["Vita notturna e festeggiamenti"],"inLanguage":"it-IT","potentialAction":[{"@type":"CommentAction","name":"Comment","target":["https:\/\/globeetcecilhotel.com\/it\/quartiere-bellecour\/il-theatre-des-celestins\/#respond"]}]},{"@type":"WebPage","@id":"https:\/\/globeetcecilhotel.com\/it\/quartiere-bellecour\/il-theatre-des-celestins\/","url":"https:\/\/globeetcecilhotel.com\/it\/quartiere-bellecour\/il-theatre-des-celestins\/","name":"Il Th\u00e9\u00e2tre des C\u00e9lestins - Globe Cecil","isPartOf":{"@id":"https:\/\/globeetcecilhotel.com\/it\/#website"},"primaryImageOfPage":{"@id":"https:\/\/globeetcecilhotel.com\/it\/quartiere-bellecour\/il-theatre-des-celestins\/#primaryimage"},"image":{"@id":"https:\/\/globeetcecilhotel.com\/it\/quartiere-bellecour\/il-theatre-des-celestins\/#primaryimage"},"thumbnailUrl":"https:\/\/globeetcecilhotel.com\/wp-content\/uploads\/sites\/2\/2025\/03\/theatre_dess_celestins_lyon7.jpg","datePublished":"2025-03-06T10:35:05+00:00","dateModified":"2026-04-17T07:21:03+00:00","description":"Globe & Cecil - Il Th\u00e9\u00e2tre des C\u00e9lestins . Immerso in una sontuosa cornice architettonica a due passi da Place Bellecour, il Th\u00e9\u00e2tre des C\u00e9lestins \u00e8 molto pi\u00f9 di un semplice palcoscenico. \u00c8 un monumento vivente, dove si fondono storia, aneddoti gustosi e la magia del teatro.","breadcrumb":{"@id":"https:\/\/globeetcecilhotel.com\/it\/quartiere-bellecour\/il-theatre-des-celestins\/#breadcrumb"},"inLanguage":"it-IT","potentialAction":[{"@type":"ReadAction","target":["https:\/\/globeetcecilhotel.com\/it\/quartiere-bellecour\/il-theatre-des-celestins\/"]}]},{"@type":"ImageObject","inLanguage":"it-IT","@id":"https:\/\/globeetcecilhotel.com\/it\/quartiere-bellecour\/il-theatre-des-celestins\/#primaryimage","url":"https:\/\/globeetcecilhotel.com\/wp-content\/uploads\/sites\/2\/2025\/03\/theatre_dess_celestins_lyon7.jpg","contentUrl":"https:\/\/globeetcecilhotel.com\/wp-content\/uploads\/sites\/2\/2025\/03\/theatre_dess_celestins_lyon7.jpg","width":720,"height":1080,"caption":"teatro dess celestins lione7"},{"@type":"BreadcrumbList","@id":"https:\/\/globeetcecilhotel.com\/it\/quartiere-bellecour\/il-theatre-des-celestins\/#breadcrumb","itemListElement":[{"@type":"ListItem","position":1,"name":"Accueil","item":"https:\/\/globeetcecilhotel.com\/it\/"},{"@type":"ListItem","position":2,"name":"Vita notturna e festeggiamenti","item":"https:\/\/globeetcecilhotel.com\/it\/le-quartier-bellecour\/vita-notturna-ed-eventi\/"},{"@type":"ListItem","position":3,"name":"Il Th\u00e9\u00e2tre des C\u00e9lestins"}]},{"@type":"WebSite","@id":"https:\/\/globeetcecilhotel.com\/it\/#website","url":"https:\/\/globeetcecilhotel.com\/it\/","name":"Globe Cecil","description":"H\u00f4tel 4 \u00e9toiles \u00e0 Lyon","publisher":{"@id":"https:\/\/globeetcecilhotel.com\/it\/#organization"},"potentialAction":[{"@type":"SearchAction","target":{"@type":"EntryPoint","urlTemplate":"https:\/\/globeetcecilhotel.com\/it\/?s={search_term_string}"},"query-input":{"@type":"PropertyValueSpecification","valueRequired":true,"valueName":"search_term_string"}}],"inLanguage":"it-IT"},{"@type":"Organization","@id":"https:\/\/globeetcecilhotel.com\/it\/#organization","name":"Globe Cecil","url":"https:\/\/globeetcecilhotel.com\/it\/","logo":{"@type":"ImageObject","inLanguage":"it-IT","@id":"https:\/\/globeetcecilhotel.com\/it\/#\/schema\/logo\/image\/","url":"https:\/\/globeetcecilhotel.com\/wp-content\/uploads\/sites\/2\/2025\/03\/LOGO-Globe-et-Cecil.svg","contentUrl":"https:\/\/globeetcecilhotel.com\/wp-content\/uploads\/sites\/2\/2025\/03\/LOGO-Globe-et-Cecil.svg","width":108,"height":44,"caption":"Globe Cecil"},"image":{"@id":"https:\/\/globeetcecilhotel.com\/it\/#\/schema\/logo\/image\/"}},{"@type":"Person","@id":"https:\/\/globeetcecilhotel.com\/it\/#\/schema\/person\/b3c9e279ff8ec8845926b6b9f54fbdb9","name":"flachize","image":{"@type":"ImageObject","inLanguage":"it-IT","@id":"https:\/\/secure.gravatar.com\/avatar\/24f0361cf67c21d4fae1db71b0897ec099d5f1fe2ef60420e3cd59b175a66e40?s=96&d=mm&r=g","url":"https:\/\/secure.gravatar.com\/avatar\/24f0361cf67c21d4fae1db71b0897ec099d5f1fe2ef60420e3cd59b175a66e40?s=96&d=mm&r=g","contentUrl":"https:\/\/secure.gravatar.com\/avatar\/24f0361cf67c21d4fae1db71b0897ec099d5f1fe2ef60420e3cd59b175a66e40?s=96&d=mm&r=g","caption":"flachize"},"url":"https:\/\/globeetcecilhotel.com\/it\/author\/flachize\/"}]}},"_links":{"self":[{"href":"https:\/\/globeetcecilhotel.com\/it\/wp-json\/wp\/v2\/posts\/3276","targetHints":{"allow":["GET"]}}],"collection":[{"href":"https:\/\/globeetcecilhotel.com\/it\/wp-json\/wp\/v2\/posts"}],"about":[{"href":"https:\/\/globeetcecilhotel.com\/it\/wp-json\/wp\/v2\/types\/post"}],"author":[{"embeddable":true,"href":"https:\/\/globeetcecilhotel.com\/it\/wp-json\/wp\/v2\/users\/2"}],"replies":[{"embeddable":true,"href":"https:\/\/globeetcecilhotel.com\/it\/wp-json\/wp\/v2\/comments?post=3276"}],"version-history":[{"count":7,"href":"https:\/\/globeetcecilhotel.com\/it\/wp-json\/wp\/v2\/posts\/3276\/revisions"}],"predecessor-version":[{"id":7794,"href":"https:\/\/globeetcecilhotel.com\/it\/wp-json\/wp\/v2\/posts\/3276\/revisions\/7794"}],"wp:featuredmedia":[{"embeddable":true,"href":"https:\/\/globeetcecilhotel.com\/it\/wp-json\/wp\/v2\/media\/4379"}],"wp:attachment":[{"href":"https:\/\/globeetcecilhotel.com\/it\/wp-json\/wp\/v2\/media?parent=3276"}],"wp:term":[{"taxonomy":"category","embeddable":true,"href":"https:\/\/globeetcecilhotel.com\/it\/wp-json\/wp\/v2\/categories?post=3276"},{"taxonomy":"post_tag","embeddable":true,"href":"https:\/\/globeetcecilhotel.com\/it\/wp-json\/wp\/v2\/tags?post=3276"}],"curies":[{"name":"wp","href":"https:\/\/api.w.org\/{rel}","templated":true}]}}