{"id":3287,"date":"2025-03-06T11:39:56","date_gmt":"2025-03-06T10:39:56","guid":{"rendered":"https:\/\/globeetcecilhotel.com\/place-bellecour-una-tappa-obbligata-a-lione\/"},"modified":"2026-04-17T09:17:55","modified_gmt":"2026-04-17T07:17:55","slug":"place-bellecour-una-tappa-obbligata-a-lione","status":"publish","type":"post","link":"https:\/\/globeetcecilhotel.com\/it\/quartiere-bellecour\/place-bellecour-una-tappa-obbligata-a-lione\/","title":{"rendered":"Place Bellecour: una tappa obbligata a Lione"},"content":{"rendered":"\n<section class=\"heading wp-elements-02fb75f802aa6db1acb0e40569778dca wp-elements-02fb75f802aa6db1acb0e40569778dca wp-block-acf-heading has-text-color has-primary-color has-background has-white-100-background-color\">\n\t<div class=\"heading__container\">\n\t\t\t\t\t<div class=\"heading__background-picture\">\n\t\t\t\t<img decoding=\"async\" width=\"1620\" height=\"1080\" src=\"https:\/\/globeetcecilhotel.com\/wp-content\/uploads\/sites\/2\/2025\/03\/place_bellecour_lyon-1.jpg\" class=\"attachment-full size-full\" alt=\"place bellecour lyon 1\" fetchpriority=\"high\" srcset=\"https:\/\/globeetcecilhotel.com\/wp-content\/uploads\/sites\/2\/2025\/03\/place_bellecour_lyon-1.jpg 1620w, https:\/\/globeetcecilhotel.com\/wp-content\/uploads\/sites\/2\/2025\/03\/place_bellecour_lyon-1-300x200.jpg 300w, https:\/\/globeetcecilhotel.com\/wp-content\/uploads\/sites\/2\/2025\/03\/place_bellecour_lyon-1-1024x683.jpg 1024w, https:\/\/globeetcecilhotel.com\/wp-content\/uploads\/sites\/2\/2025\/03\/place_bellecour_lyon-1-768x512.jpg 768w, https:\/\/globeetcecilhotel.com\/wp-content\/uploads\/sites\/2\/2025\/03\/place_bellecour_lyon-1-1536x1024.jpg 1536w\" sizes=\"(max-width: 1620px) 100vw, 1620px\" \/>\t\t\t<\/div>\n\t\t\t\t<div class=\"heading__layout\">\n\t\t\t<div class=\"heading__content-wrapper has-white-100-background-color\">\n\t\t\t\t<div class=\"heading__content has-white-100-background-color\">\n\t\t\t\t\t\t\t\t\t<p id=\"breadcrumbs\"><span><span><a href=\"https:\/\/globeetcecilhotel.com\/it\/\">Accueil<\/a><\/span><\/span><\/p>\t\t\t\t\t\t\t\t\t<div class=\"acf-innerblocks-container\">\n\n<div class=\"wp-block-group heading-content-group is-layout-grid wp-container-core-group-is-layout-96b258e4 wp-block-group-is-layout-grid\">\n<h1 class=\"wp-block-heading has-text-align-left heading__title has-primary-color has-text-color has-xx-large-font-size\">Place Bellecour: una tappa obbligata a Lione<\/h1>\n<\/div>\n\n<\/div>\n\t\t\t\t<\/div>\n\t\t\t\t\t\t\t<\/div>\n\t\t<\/div>\n\t<\/div>\n<\/section>\n\n\n\t<section\n\t\tstyle=\"padding-top:var(--wp--preset--spacing--theme-default);padding-bottom:var(--wp--preset--spacing--theme-default);\" class=\"double-columns wp-block-acf-double-columns has-background has-white-background-color has-global-padding is-layout-constrained wp-container-acf-double-columns-is-layout-a22d0bdd wp-block-acf-double-columns-is-layout-constrained\"\t>\n\n<div class=\"double-columns__innerblocks\">\n\n<div class=\"wp-block-group is-vertical is-content-justification-left is-layout-flex wp-container-core-group-is-layout-58227553 wp-block-group-is-layout-flex\">\n<h2 class=\"wp-block-heading has-text-align-center\"><strong>Salite a bordo della Grande-Roue per una vista eccezionale<\/strong><em><mark class=\"has-inline-color has-secondary-color\"> vista eccezionale<\/mark><\/em><\/h2>\n\n\n\n<p>La ruota panoramica di Lione \u00e8 assolutamente da vedere e promette un&#8217;esperienza vertiginosa e indimenticabile. Ogni inverno, si erge orgoglioso alla fine della Piazza, aggiungendo un tocco di magia per grandi e piccini. Salite a bordo e lasciatevi trasportare in cima per ammirare un panorama mozzafiato di Lione e dei suoi dintorni, con la basilica di Fourvi\u00e8re sullo sfondo.<\/p>\n<\/div>\n\n\n\n<div class=\"wp-block-group is-layout-flow wp-block-group-is-layout-flow\">\n<figure class=\"wp-block-image size-full image-is-animate\"><img decoding=\"async\" width=\"720\" height=\"1080\" src=\"https:\/\/globeetcecilhotel.com\/wp-content\/uploads\/sites\/2\/2025\/03\/Place_Bellecour_lyon.jpg\" alt=\"\" class=\"wp-image-568\" style=\"aspect-ratio:3\/4;object-fit:cover\" srcset=\"https:\/\/globeetcecilhotel.com\/wp-content\/uploads\/sites\/2\/2025\/03\/Place_Bellecour_lyon.jpg 720w, https:\/\/globeetcecilhotel.com\/wp-content\/uploads\/sites\/2\/2025\/03\/Place_Bellecour_lyon-200x300.jpg 200w, https:\/\/globeetcecilhotel.com\/wp-content\/uploads\/sites\/2\/2025\/03\/Place_Bellecour_lyon-683x1024.jpg 683w\" sizes=\"(max-width: 720px) 100vw, 720px\" \/><\/figure>\n<\/div>\n\n<\/div>\n\n<\/section>\n\n\t<section\n\t\tstyle=\"padding-top:var(--wp--preset--spacing--theme-default);padding-bottom:var(--wp--preset--spacing--theme-default);\" class=\"block-container align wp-block-acf-block-container has-background has-white-100-background-color has-global-padding is-layout-constrained wp-container-acf-block-container-is-layout-d3fafd11 wp-block-acf-block-container-is-layout-constrained\"\t>\n\n\t\n\n<div class=\"wp-block-group has-global-padding is-layout-constrained wp-container-core-group-is-layout-30cbf03a wp-block-group-is-layout-constrained\">\n<figure class=\"wp-block-image aligncenter size-full\"><img decoding=\"async\" width=\"350\" height=\"350\" src=\"https:\/\/globeetcecilhotel.com\/wp-content\/uploads\/sites\/2\/2025\/04\/STATUE-BELLECOUR-BEIGE.jpg\" alt=\"\" class=\"wp-image-2602\" srcset=\"https:\/\/globeetcecilhotel.com\/wp-content\/uploads\/sites\/2\/2025\/04\/STATUE-BELLECOUR-BEIGE.jpg 350w, https:\/\/globeetcecilhotel.com\/wp-content\/uploads\/sites\/2\/2025\/04\/STATUE-BELLECOUR-BEIGE-300x300.jpg 300w, https:\/\/globeetcecilhotel.com\/wp-content\/uploads\/sites\/2\/2025\/04\/STATUE-BELLECOUR-BEIGE-150x150.jpg 150w\" sizes=\"(max-width: 350px) 100vw, 350px\" \/><\/figure>\n\n\n\n<h2 class=\"wp-block-heading has-text-align-center\">Le <mark class=\"has-inline-color has-secondary-color\">statue<\/mark> di Place Bellecour<\/h2>\n\n\n\n<p>Place Bellecour non sarebbe ci\u00f2 che \u00e8 senza le sue iconiche statue che sorvegliano i passanti. Al centro, Luigi XIV siede maestosamente a cavallo, la &#8220;statua equestre&#8221;, un omaggio a colui che fu soprannominato il Re Sole. Ma non \u00e8 tutto! Ci sono anche le statue dei fratelli Lumi\u00e8re, inventori del cinema, e di Saint-Exup\u00e9ry e del suo Piccolo Principe, che ricordano il patrimonio culturale di Lione. Ognuno di loro racconta una storia, quindi sta a voi conoscerli!<\/p>\n\n\n\n<section id=\"\" class=\"align wp-block-acf-faq\">\n\t\n\t\t<div class=\"faq\">\n\t\t\t\t<div class=\"faq__item\">\n\t\t\t<div class=\"faq__question\" data-index=\"0\">\n\t\t\t\t<span class=\"faq__question-text \">Il cavallo di bronzo<\/span>\n\t\t\t<\/div>\n\t\t\t<div class=\"faq__answer\">\n\t\t\t\t<p>Su cosa potrebbe troneggiare il Re Sole se non su un sublime cavallo! Questa statua equestre, vera e propria icona di Lione, attira l&#8217;attenzione con il suo aspetto imponente ed elegante.  Creata all&#8217;inizio del XIX secolo dallo scultore Fran\u00e7ois-Fr\u00e9d\u00e9ric Lemot, simboleggia la grandezza e la storia della citt\u00e0.<br \/>\nNon \u00e8 un luogo d&#8217;incontro perfetto?  <\/p>\n\t\t\t<\/div>\n\t\t\t<svg class=\"faq__toggle-icon\" xmlns=\"http:\/\/www.w3.org\/2000\/svg\" width=\"16\" height=\"10\" viewBox=\"0 0 16 10\"\n\t\t\t\tfill=\"none\">\n\t\t\t\t<path d=\"M15 1L8 8L1 0.999999\" stroke=\"#3C3B3A\" stroke-width=\"2\" \/>\n\t\t\t<\/svg>\n\t\t<\/div>\n\t\t\t\t<div class=\"faq__item\">\n\t\t\t<div class=\"faq__question\" data-index=\"1\">\n\t\t\t\t<span class=\"faq__question-text \">Il guardiano di Pierre<\/span>\n\t\t\t<\/div>\n\t\t\t<div class=\"faq__answer\">\n\t\t\t\t<p>Appollaiato in modo discreto su uno dei muri di Place Bellecour, il guardiano di pietra \u00e8 uno dei segreti meglio custoditi di Lione, che strizza l&#8217;occhio agli osservatori pi\u00f9 attenti. Questa figura enigmatica, a met\u00e0 strada tra un gargoyle e un guardiano silenzioso, sembra vegliare sui passanti e sugli eventi della piazza giorno e notte.<br \/>\nRealizzato dall&#8217;artista lionese Rachid Khimoune, il guardiano di pietra \u00e8 un&#8217;opera di arte urbana che aggiunge un tocco di mistero e fantasia a Bellecour. La sua espressione impassibile e il suo sguardo penetrante danno l&#8217;impressione che conosca tutti i segreti della citt\u00e0. I bambini amano cercarlo e gli adulti spesso si chiedono come abbiano fatto a non notare questo affascinante dettaglio.<\/p>\n\t\t\t<\/div>\n\t\t\t<svg class=\"faq__toggle-icon\" xmlns=\"http:\/\/www.w3.org\/2000\/svg\" width=\"16\" height=\"10\" viewBox=\"0 0 16 10\"\n\t\t\t\tfill=\"none\">\n\t\t\t\t<path d=\"M15 1L8 8L1 0.999999\" stroke=\"#3C3B3A\" stroke-width=\"2\" \/>\n\t\t\t<\/svg>\n\t\t<\/div>\n\t\t\t\t<div class=\"faq__item\">\n\t\t\t<div class=\"faq__question\" data-index=\"2\">\n\t\t\t\t<span class=\"faq__question-text \">Antoine de Saint-Exup\u00e9ry  <\/span>\n\t\t\t<\/div>\n\t\t\t<div class=\"faq__answer\">\n\t\t\t\t<p>Sempre in Place Bellecour, Antoine de Saint-Exup\u00e9ry veglia con eleganza e poesia, accompagnato dal suo celebre Piccolo Principe. Questa commovente statua rende omaggio a uno dei figli pi\u00f9 illustri di Lione, lo scrittore e aviatore le cui opere continuano a incantare generazioni di lettori in tutto il mondo. Antoine de Saint-Exup\u00e9ry, autore del famoso &#8220;Piccolo Principe&#8221;, \u00e8 raffigurato seduto pensieroso, con il suo giovane eroe in piedi accanto a lui, che guardano insieme l&#8217;orizzonte. Questa scultura, installata nel 2000 in occasione del centenario della sua nascita, cattura perfettamente lo spirito sognante e avventuroso di Saint-Ex, come lo chiamano affettuosamente i lionesi.<\/p>\n\t\t\t<\/div>\n\t\t\t<svg class=\"faq__toggle-icon\" xmlns=\"http:\/\/www.w3.org\/2000\/svg\" width=\"16\" height=\"10\" viewBox=\"0 0 16 10\"\n\t\t\t\tfill=\"none\">\n\t\t\t\t<path d=\"M15 1L8 8L1 0.999999\" stroke=\"#3C3B3A\" stroke-width=\"2\" \/>\n\t\t\t<\/svg>\n\t\t<\/div>\n\t\t\t<\/div>\n\t\t<\/section>\n<\/div>\n\n\n\n<\/section>\n\n\t<section\n\t\tstyle=\"padding-top:var(--wp--preset--spacing--theme-default);padding-bottom:var(--wp--preset--spacing--theme-default);\" class=\"double-columns wp-block-acf-double-columns has-background has-white-background-color has-global-padding is-layout-constrained wp-container-acf-double-columns-is-layout-a22d0bdd wp-block-acf-double-columns-is-layout-constrained\"\t>\n\n<div class=\"double-columns__innerblocks\">\n\n<div class=\"wp-block-group is-vertical is-content-justification-left is-layout-flex wp-container-core-group-is-layout-58227553 wp-block-group-is-layout-flex\">\n<h2 class=\"wp-block-heading has-text-align-center\">Un luogo<em><mark class=\"has-inline-color has-secondary-color\"> per gli eventi<\/mark><\/em><\/h2>\n\n\n\n<p>\u00c8 molto pi\u00f9 di un vasto spazio nel cuore di Lione: \u00e8 il teatro vivente di mille e uno eventi che scandiscono la vita della citt\u00e0. Durante l&#8217;anno, si trasforma e si anima con le stagioni e le festivit\u00e0.<\/p>\n\n\n\n<p>In inverno, la magia del Natale si impossessa di Bellecour, con il suo mercatino, le sue magiche luminarie e, naturalmente, la sua famosa ruota panoramica, che offre una vista mozzafiato su Lione. In primavera, la piazza ospita concerti all&#8217;aperto, spettacoli di strada e persino eventi sportivi come la partenza e l&#8217;arrivo di gare podistiche.<\/p>\n\n\n\n<p>In estate, Bellecour si trasforma in un parco giochi per festival musicali e proiezioni cinematografiche all&#8217;aperto. I food truck e i chioschi di gelati stanno sorgendo ovunque, creando un&#8217;atmosfera amichevole e gastronomica. In autunno, non perdete la F\u00eate des Lumi\u00e8res, quando la Place Bellecour viene addobbata con splendide installazioni luminose che attirano visitatori da tutto il mondo.<\/p>\n<\/div>\n\n\n\n<div class=\"wp-block-group is-layout-flow wp-block-group-is-layout-flow\">\n<figure class=\"wp-block-image size-full image-is-animate\"><img decoding=\"async\" width=\"720\" height=\"1080\" src=\"https:\/\/globeetcecilhotel.com\/wp-content\/uploads\/sites\/2\/2025\/03\/Place_Bellecour_lyon3.jpg\" alt=\"\" class=\"wp-image-572\" style=\"aspect-ratio:3\/4;object-fit:cover\" srcset=\"https:\/\/globeetcecilhotel.com\/wp-content\/uploads\/sites\/2\/2025\/03\/Place_Bellecour_lyon3.jpg 720w, https:\/\/globeetcecilhotel.com\/wp-content\/uploads\/sites\/2\/2025\/03\/Place_Bellecour_lyon3-200x300.jpg 200w, https:\/\/globeetcecilhotel.com\/wp-content\/uploads\/sites\/2\/2025\/03\/Place_Bellecour_lyon3-683x1024.jpg 683w\" sizes=\"(max-width: 720px) 100vw, 720px\" \/><\/figure>\n<\/div>\n\n<\/div>\n\n<\/section>\n\n\t<section\n\t\tstyle=\"padding-top:var(--wp--preset--spacing--theme-default);padding-bottom:var(--wp--preset--spacing--theme-default);\" class=\"double-columns double-columns-reverse_colums_mobile wp-block-acf-double-columns has-background has-white-100-background-color has-global-padding is-layout-constrained wp-container-acf-double-columns-is-layout-a22d0bdd wp-block-acf-double-columns-is-layout-constrained\"\t>\n\n<div class=\"double-columns__innerblocks\">\n\n<div class=\"wp-block-group is-layout-flow wp-block-group-is-layout-flow\">\n<figure class=\"wp-block-image size-full image-is-animate\"><img decoding=\"async\" width=\"720\" height=\"1080\" src=\"https:\/\/globeetcecilhotel.com\/wp-content\/uploads\/sites\/2\/2025\/03\/lyon_que_faire_visiter14.jpg\" alt=\"\" class=\"wp-image-535\" style=\"aspect-ratio:3\/4;object-fit:cover\" title=\"\" srcset=\"https:\/\/globeetcecilhotel.com\/wp-content\/uploads\/sites\/2\/2025\/03\/lyon_que_faire_visiter14.jpg 720w, https:\/\/globeetcecilhotel.com\/wp-content\/uploads\/sites\/2\/2025\/03\/lyon_que_faire_visiter14-200x300.jpg 200w, https:\/\/globeetcecilhotel.com\/wp-content\/uploads\/sites\/2\/2025\/03\/lyon_que_faire_visiter14-683x1024.jpg 683w\" sizes=\"(max-width: 720px) 100vw, 720px\" \/><\/figure>\n<\/div>\n\n\n\n<div class=\"wp-block-group is-vertical is-content-justification-left is-layout-flex wp-container-core-group-is-layout-b21d21b4 wp-block-group-is-layout-flex\">\n<h2 class=\"wp-block-heading has-text-align-center\">Salite a bordo<em><mark class=\"has-inline-color has-secondary-color\"> a bordo<\/mark><\/em> l&#8217;autobus della citt\u00e0 di Lione<\/h2>\n\n\n\n<p>Il Lyon City Bus \u00e8 come un taxi per i curiosi e per chi ama scoprire cose nuove! Questo autobus turistico a due piani offre un tour completo e personalizzato di Lione, con viste panoramiche dal suo tetto aperto. Si pu\u00f2 salire e scendere a piacimento in diverse fermate strategiche, tra cui Place Bellecour, naturalmente, ma anche la collina di Fourvi\u00e8re, la Vieux Lyon e il Parc de la T\u00eate d&#8217;Or. Un consiglio: non dimenticate la macchina fotografica, perch\u00e9 le viste panoramiche dall&#8217;alto dell&#8217;autobus valgono bene la deviazione!<\/p>\n<\/div>\n\n<\/div>\n\n<\/section>\n\n\t<section\n\t\tstyle=\"padding-top:var(--wp--preset--spacing--theme-default);padding-bottom:0;\" class=\"block-container align wp-block-acf-block-container has-background has-white-background-color is-layout-flow wp-block-acf-block-container-is-layout-flow\"\t>\n\n\t\n\n<div class=\"wp-block-group has-global-padding is-layout-constrained wp-block-group-is-layout-constrained\">\n<h3 class=\"wp-block-heading has-text-align-left\"><strong>Per<\/strong>saperne di pi\u00f9: recatevi all&#8217;ufficio turistico!<\/h3>\n\n\n\n<p>Avete bisogno di consigli sui migliori ristoranti bouchon, sulle visite guidate da non perdere o sugli eventi in corso? Gli esperti dell&#8217;Ufficio del Turismo sono a disposizione per rispondere a tutte le vostre domande e per elaborare un programma su misura per voi. Inoltre, \u00e8 il luogo ideale per trovare i biglietti per le principali attrazioni come il Mus\u00e9e des Confluences, organizzare una visita guidata a tema o addirittura prenotare una crociera sulla Saona.  <br\/><\/p>\n<\/div>\n\n\n\n<\/section>\n\n\t<section\n\t\tstyle=\"padding-top:var(--wp--preset--spacing--theme-default);padding-bottom:var(--wp--preset--spacing--theme-default);\" class=\"block-container align wp-block-acf-block-container has-background has-white-background-color has-global-padding is-layout-constrained wp-container-acf-block-container-is-layout-d3fafd11 wp-block-acf-block-container-is-layout-constrained\"\t>\n\n\t\n\n<div class=\"wp-block-group has-global-padding is-layout-constrained wp-block-group-is-layout-constrained\">\n<figure class=\"wp-block-image aligncenter size-full\"><img decoding=\"async\" width=\"350\" height=\"350\" src=\"https:\/\/globeetcecilhotel.com\/wp-content\/uploads\/sites\/2\/2025\/04\/OURS-1.png\" alt=\"\" class=\"wp-image-2304\" srcset=\"https:\/\/globeetcecilhotel.com\/wp-content\/uploads\/sites\/2\/2025\/04\/OURS-1.png 350w, https:\/\/globeetcecilhotel.com\/wp-content\/uploads\/sites\/2\/2025\/04\/OURS-1-300x300.png 300w\" sizes=\"(max-width: 350px) 100vw, 350px\" \/><\/figure>\n\n\n\n<h2 class=\"wp-block-heading has-text-align-center\" style=\"padding-top:var(--wp--preset--spacing--theme-s);padding-bottom:var(--wp--preset--spacing--theme-m)\">Come arrivare <mark class=\"has-inline-color has-secondary-color\">a<\/mark> Place Bellecour<\/h2>\n\n\n\n<section id=\"\" class=\"align wp-block-acf-faq\">\n\t\n\t\t<div class=\"faq\">\n\t\t\t\t<div class=\"faq__item\">\n\t\t\t<div class=\"faq__question\" data-index=\"0\">\n\t\t\t\t<span class=\"faq__question-text \">Dalla stazione Part Dieu, in metropolitana<\/span>\n\t\t\t<\/div>\n\t\t\t<div class=\"faq__answer\">\n\t\t\t\t<p>Prendere la linea B della metropolitana in direzione &#8220;Stade de Gerland&#8221; e scendere alla stazione &#8220;Saxe-Gambetta&#8221;. L\u00ec, cambiare con la linea D in direzione &#8220;Gare de Vaise&#8221; e scendere alla stazione &#8220;Bellecour&#8221;. Place Bellecour si trova a pochi minuti a piedi dalla stazione.<\/p>\n\t\t\t<\/div>\n\t\t\t<svg class=\"faq__toggle-icon\" xmlns=\"http:\/\/www.w3.org\/2000\/svg\" width=\"16\" height=\"10\" viewBox=\"0 0 16 10\"\n\t\t\t\tfill=\"none\">\n\t\t\t\t<path d=\"M15 1L8 8L1 0.999999\" stroke=\"#3C3B3A\" stroke-width=\"2\" \/>\n\t\t\t<\/svg>\n\t\t<\/div>\n\t\t\t\t<div class=\"faq__item\">\n\t\t\t<div class=\"faq__question\" data-index=\"1\">\n\t\t\t\t<span class=\"faq__question-text \">Dalla stazione Part Dieu, in tram<\/span>\n\t\t\t<\/div>\n\t\t\t<div class=\"faq__answer\">\n\t\t\t\t<p>Prendere il tram T1 in direzione &#8220;Debourg&#8221; dalla stazione Part Dieu e scendere alla stazione &#8220;Libert\u00e9&#8221;. Prendere il tram T2 in direzione &#8220;Perrache&#8221; e scendere alla stazione &#8220;Perrache&#8221;. Place Bellecour dista 10 minuti a piedi dalla stazione di Perrache.<\/p>\n\t\t\t<\/div>\n\t\t\t<svg class=\"faq__toggle-icon\" xmlns=\"http:\/\/www.w3.org\/2000\/svg\" width=\"16\" height=\"10\" viewBox=\"0 0 16 10\"\n\t\t\t\tfill=\"none\">\n\t\t\t\t<path d=\"M15 1L8 8L1 0.999999\" stroke=\"#3C3B3A\" stroke-width=\"2\" \/>\n\t\t\t<\/svg>\n\t\t<\/div>\n\t\t\t\t<div class=\"faq__item\">\n\t\t\t<div class=\"faq__question\" data-index=\"2\">\n\t\t\t\t<span class=\"faq__question-text \">Dalla stazione Perrache, in metropolitana<\/span>\n\t\t\t<\/div>\n\t\t\t<div class=\"faq__answer\">\n\t\t\t\t<p>Dalla stazione Perrache, prendere la linea A della metropolitana in direzione &#8220;Vaulx-en-Velin La Soie&#8221; e scendere alla stazione &#8220;Bellecour&#8221;. Place Bellecour \u00e8 raggiungibile a piedi dalla stazione.<\/p>\n\t\t\t<\/div>\n\t\t\t<svg class=\"faq__toggle-icon\" xmlns=\"http:\/\/www.w3.org\/2000\/svg\" width=\"16\" height=\"10\" viewBox=\"0 0 16 10\"\n\t\t\t\tfill=\"none\">\n\t\t\t\t<path d=\"M15 1L8 8L1 0.999999\" stroke=\"#3C3B3A\" stroke-width=\"2\" \/>\n\t\t\t<\/svg>\n\t\t<\/div>\n\t\t\t\t<div class=\"faq__item\">\n\t\t\t<div class=\"faq__question\" data-index=\"3\">\n\t\t\t\t<span class=\"faq__question-text \">Dalla stazione di Perrache, a piedi<\/span>\n\t\t\t<\/div>\n\t\t\t<div class=\"faq__answer\">\n\t\t\t\t<p>Place Bellecour dista circa 10 minuti a piedi dalla stazione di Perrache. Uscendo dalla stazione, prendere rue Victor Hugo, proseguire dritto fino al ponte Guilloti\u00e8re, quindi attraversare il ponte per raggiungere Place Bellecour.<\/p>\n\t\t\t<\/div>\n\t\t\t<svg class=\"faq__toggle-icon\" xmlns=\"http:\/\/www.w3.org\/2000\/svg\" width=\"16\" height=\"10\" viewBox=\"0 0 16 10\"\n\t\t\t\tfill=\"none\">\n\t\t\t\t<path d=\"M15 1L8 8L1 0.999999\" stroke=\"#3C3B3A\" stroke-width=\"2\" \/>\n\t\t\t<\/svg>\n\t\t<\/div>\n\t\t\t<\/div>\n\t\t<\/section>\n\n\n\n<p><\/p>\n\n\n\n<p>In breve, sia che scegliate la metropolitana, il tram o che andiate a piedi, avete diverse opzioni pratiche per raggiungere facilmente Place Bellecour dalle stazioni Part Dieu e Perrache di Lione.<\/p>\n<\/div>\n\n\n\n<\/section>\n\n\t<section\n\t\tstyle=\"padding-top:var(--wp--preset--spacing--theme-default);padding-bottom:var(--wp--preset--spacing--theme-default);\" class=\"block-container align wp-block-acf-block-container has-background has-white-100-background-color has-global-padding is-layout-constrained wp-container-acf-block-container-is-layout-89fc666d wp-block-acf-block-container-is-layout-constrained\"\t>\n\n\t\n\n<h3 class=\"wp-block-heading has-text-align-center\">Volete visitare altre parti di Lyon Bellecour? Ecco la nostra selezione di luoghi, negozi e specialit\u00e0 da non perdere.<\/h3>\n\n\n\n<div class=\"wp-block-buttons is-content-justification-center is-layout-flex wp-container-core-buttons-is-layout-a89b3969 wp-block-buttons-is-layout-flex\">\n<div class=\"wp-block-button is-style-label-button is-style-label-button--1\"><a class=\"wp-block-button__link wp-element-button\" href=\"https:\/\/globeetcecilhotel.com\/it\/quartiere-bellecour\/\">Visita Lyon Bellecour<\/a><\/div>\n<\/div>\n\n\n\n<\/section>\n\n<div class=\"wp-block-group has-white-background-color has-background is-content-justification-space-between is-nowrap is-layout-flex wp-container-core-group-is-layout-098ab513 wp-block-group-is-layout-flex\" style=\"padding-top:var(--wp--preset--spacing--theme-m);padding-right:var(--wp--preset--spacing--theme-s);padding-bottom:var(--wp--preset--spacing--theme-m);padding-left:var(--wp--preset--spacing--theme-s)\">\n\n<\/div>\n","protected":false},"excerpt":{"rendered":"<p>Nel cuore di Lione, Place Bellecour \u00e8 il polmone pulsante della citt\u00e0! Immaginate un luogo dove storia, cultura e relax si fondono in un&#8217;atmosfera tipicamente lionese.  <\/p>\n","protected":false},"author":2,"featured_media":4384,"comment_status":"open","ping_status":"open","sticky":false,"template":"","format":"standard","meta":{"_acf_changed":false,"inline_featured_image":false,"footnotes":""},"categories":[44],"tags":[],"class_list":["post-3287","post","type-post","status-publish","format-standard","has-post-thumbnail","hentry","category-visite-culturali"],"acf":[],"yoast_head":"<!-- This site is optimized with the Yoast SEO plugin v27.4 - https:\/\/yoast.com\/product\/yoast-seo-wordpress\/ -->\n<title>Place Bellecour: una tappa obbligata a Lione - Globe Cecil<\/title>\n<meta name=\"description\" content=\"Globe &amp; Cecil - Place Bellecour: una tappa obbligata a Lione . Nel cuore di Lione, Place Bellecour \u00e8 il polmone pulsante della citt\u00e0! Immaginate un luogo dove storia, cultura e relax si fondono in un&#039;atmosfera tipicamente lionese.\" \/>\n<meta name=\"robots\" content=\"index, follow, max-snippet:-1, max-image-preview:large, max-video-preview:-1\" \/>\n<link rel=\"canonical\" href=\"https:\/\/globeetcecilhotel.com\/it\/quartiere-bellecour\/place-bellecour-una-tappa-obbligata-a-lione\/\" \/>\n<meta property=\"og:locale\" content=\"it_IT\" \/>\n<meta property=\"og:type\" content=\"article\" \/>\n<meta property=\"og:title\" content=\"Place Bellecour: una tappa obbligata a Lione - Globe Cecil\" \/>\n<meta property=\"og:description\" content=\"Globe &amp; Cecil - Place Bellecour: una tappa obbligata a Lione . Nel cuore di Lione, Place Bellecour \u00e8 il polmone pulsante della citt\u00e0! Immaginate un luogo dove storia, cultura e relax si fondono in un&#039;atmosfera tipicamente lionese.\" \/>\n<meta property=\"og:url\" content=\"https:\/\/globeetcecilhotel.com\/it\/quartiere-bellecour\/place-bellecour-una-tappa-obbligata-a-lione\/\" \/>\n<meta property=\"og:site_name\" content=\"Globe Cecil\" \/>\n<meta property=\"article:published_time\" content=\"2025-03-06T10:39:56+00:00\" \/>\n<meta property=\"article:modified_time\" content=\"2026-04-17T07:17:55+00:00\" \/>\n<meta property=\"og:image\" content=\"https:\/\/globeetcecilhotel.com\/wp-content\/uploads\/sites\/2\/2025\/03\/Evalqt_1806.jpg\" \/>\n\t<meta property=\"og:image:width\" content=\"1365\" \/>\n\t<meta property=\"og:image:height\" content=\"2048\" \/>\n\t<meta property=\"og:image:type\" content=\"image\/jpeg\" \/>\n<meta name=\"author\" content=\"flachize\" \/>\n<meta name=\"twitter:card\" content=\"summary_large_image\" \/>\n<meta name=\"twitter:label1\" content=\"Scritto da\" \/>\n\t<meta name=\"twitter:data1\" content=\"flachize\" \/>\n\t<meta name=\"twitter:label2\" content=\"Tempo di lettura stimato\" \/>\n\t<meta name=\"twitter:data2\" content=\"3 minuto\" \/>\n<script type=\"application\/ld+json\" class=\"yoast-schema-graph\">{\"@context\":\"https:\\\/\\\/schema.org\",\"@graph\":[{\"@type\":\"Article\",\"@id\":\"https:\\\/\\\/globeetcecilhotel.com\\\/it\\\/quartiere-bellecour\\\/place-bellecour-una-tappa-obbligata-a-lione\\\/#article\",\"isPartOf\":{\"@id\":\"https:\\\/\\\/globeetcecilhotel.com\\\/it\\\/quartiere-bellecour\\\/place-bellecour-una-tappa-obbligata-a-lione\\\/\"},\"author\":{\"name\":\"flachize\",\"@id\":\"https:\\\/\\\/globeetcecilhotel.com\\\/it\\\/#\\\/schema\\\/person\\\/b3c9e279ff8ec8845926b6b9f54fbdb9\"},\"headline\":\"Place Bellecour: una tappa obbligata a Lione\",\"datePublished\":\"2025-03-06T10:39:56+00:00\",\"dateModified\":\"2026-04-17T07:17:55+00:00\",\"mainEntityOfPage\":{\"@id\":\"https:\\\/\\\/globeetcecilhotel.com\\\/it\\\/quartiere-bellecour\\\/place-bellecour-una-tappa-obbligata-a-lione\\\/\"},\"wordCount\":571,\"commentCount\":0,\"publisher\":{\"@id\":\"https:\\\/\\\/globeetcecilhotel.com\\\/it\\\/#organization\"},\"image\":{\"@id\":\"https:\\\/\\\/globeetcecilhotel.com\\\/it\\\/quartiere-bellecour\\\/place-bellecour-una-tappa-obbligata-a-lione\\\/#primaryimage\"},\"thumbnailUrl\":\"https:\\\/\\\/globeetcecilhotel.com\\\/wp-content\\\/uploads\\\/sites\\\/2\\\/2025\\\/03\\\/Evalqt_1806.jpg\",\"articleSection\":[\"Visita culturale\"],\"inLanguage\":\"it-IT\",\"potentialAction\":[{\"@type\":\"CommentAction\",\"name\":\"Comment\",\"target\":[\"https:\\\/\\\/globeetcecilhotel.com\\\/it\\\/quartiere-bellecour\\\/place-bellecour-una-tappa-obbligata-a-lione\\\/#respond\"]}]},{\"@type\":\"WebPage\",\"@id\":\"https:\\\/\\\/globeetcecilhotel.com\\\/it\\\/quartiere-bellecour\\\/place-bellecour-una-tappa-obbligata-a-lione\\\/\",\"url\":\"https:\\\/\\\/globeetcecilhotel.com\\\/it\\\/quartiere-bellecour\\\/place-bellecour-una-tappa-obbligata-a-lione\\\/\",\"name\":\"Place Bellecour: una tappa obbligata a Lione - Globe Cecil\",\"isPartOf\":{\"@id\":\"https:\\\/\\\/globeetcecilhotel.com\\\/it\\\/#website\"},\"primaryImageOfPage\":{\"@id\":\"https:\\\/\\\/globeetcecilhotel.com\\\/it\\\/quartiere-bellecour\\\/place-bellecour-una-tappa-obbligata-a-lione\\\/#primaryimage\"},\"image\":{\"@id\":\"https:\\\/\\\/globeetcecilhotel.com\\\/it\\\/quartiere-bellecour\\\/place-bellecour-una-tappa-obbligata-a-lione\\\/#primaryimage\"},\"thumbnailUrl\":\"https:\\\/\\\/globeetcecilhotel.com\\\/wp-content\\\/uploads\\\/sites\\\/2\\\/2025\\\/03\\\/Evalqt_1806.jpg\",\"datePublished\":\"2025-03-06T10:39:56+00:00\",\"dateModified\":\"2026-04-17T07:17:55+00:00\",\"description\":\"Globe & Cecil - Place Bellecour: una tappa obbligata a Lione . Nel cuore di Lione, Place Bellecour \u00e8 il polmone pulsante della citt\u00e0! Immaginate un luogo dove storia, cultura e relax si fondono in un'atmosfera tipicamente lionese.\",\"breadcrumb\":{\"@id\":\"https:\\\/\\\/globeetcecilhotel.com\\\/it\\\/quartiere-bellecour\\\/place-bellecour-una-tappa-obbligata-a-lione\\\/#breadcrumb\"},\"inLanguage\":\"it-IT\",\"potentialAction\":[{\"@type\":\"ReadAction\",\"target\":[\"https:\\\/\\\/globeetcecilhotel.com\\\/it\\\/quartiere-bellecour\\\/place-bellecour-una-tappa-obbligata-a-lione\\\/\"]}]},{\"@type\":\"ImageObject\",\"inLanguage\":\"it-IT\",\"@id\":\"https:\\\/\\\/globeetcecilhotel.com\\\/it\\\/quartiere-bellecour\\\/place-bellecour-una-tappa-obbligata-a-lione\\\/#primaryimage\",\"url\":\"https:\\\/\\\/globeetcecilhotel.com\\\/wp-content\\\/uploads\\\/sites\\\/2\\\/2025\\\/03\\\/Evalqt_1806.jpg\",\"contentUrl\":\"https:\\\/\\\/globeetcecilhotel.com\\\/wp-content\\\/uploads\\\/sites\\\/2\\\/2025\\\/03\\\/Evalqt_1806.jpg\",\"width\":1365,\"height\":2048,\"caption\":\"Evalqt 1806\"},{\"@type\":\"BreadcrumbList\",\"@id\":\"https:\\\/\\\/globeetcecilhotel.com\\\/it\\\/quartiere-bellecour\\\/place-bellecour-una-tappa-obbligata-a-lione\\\/#breadcrumb\",\"itemListElement\":[{\"@type\":\"ListItem\",\"position\":1,\"name\":\"Accueil\",\"item\":\"https:\\\/\\\/globeetcecilhotel.com\\\/it\\\/\"},{\"@type\":\"ListItem\",\"position\":2,\"name\":\"Visita culturale\",\"item\":\"https:\\\/\\\/globeetcecilhotel.com\\\/it\\\/le-quartier-bellecour\\\/visite-culturali\\\/\"},{\"@type\":\"ListItem\",\"position\":3,\"name\":\"Place Bellecour: una tappa obbligata a Lione\"}]},{\"@type\":\"WebSite\",\"@id\":\"https:\\\/\\\/globeetcecilhotel.com\\\/it\\\/#website\",\"url\":\"https:\\\/\\\/globeetcecilhotel.com\\\/it\\\/\",\"name\":\"Globe Cecil\",\"description\":\"H\u00f4tel 4 \u00e9toiles \u00e0 Lyon\",\"publisher\":{\"@id\":\"https:\\\/\\\/globeetcecilhotel.com\\\/it\\\/#organization\"},\"potentialAction\":[{\"@type\":\"SearchAction\",\"target\":{\"@type\":\"EntryPoint\",\"urlTemplate\":\"https:\\\/\\\/globeetcecilhotel.com\\\/it\\\/?s={search_term_string}\"},\"query-input\":{\"@type\":\"PropertyValueSpecification\",\"valueRequired\":true,\"valueName\":\"search_term_string\"}}],\"inLanguage\":\"it-IT\"},{\"@type\":\"Organization\",\"@id\":\"https:\\\/\\\/globeetcecilhotel.com\\\/it\\\/#organization\",\"name\":\"Globe Cecil\",\"url\":\"https:\\\/\\\/globeetcecilhotel.com\\\/it\\\/\",\"logo\":{\"@type\":\"ImageObject\",\"inLanguage\":\"it-IT\",\"@id\":\"https:\\\/\\\/globeetcecilhotel.com\\\/it\\\/#\\\/schema\\\/logo\\\/image\\\/\",\"url\":\"https:\\\/\\\/globeetcecilhotel.com\\\/wp-content\\\/uploads\\\/sites\\\/2\\\/2025\\\/03\\\/LOGO-Globe-et-Cecil.svg\",\"contentUrl\":\"https:\\\/\\\/globeetcecilhotel.com\\\/wp-content\\\/uploads\\\/sites\\\/2\\\/2025\\\/03\\\/LOGO-Globe-et-Cecil.svg\",\"width\":108,\"height\":44,\"caption\":\"Globe Cecil\"},\"image\":{\"@id\":\"https:\\\/\\\/globeetcecilhotel.com\\\/it\\\/#\\\/schema\\\/logo\\\/image\\\/\"}},{\"@type\":\"Person\",\"@id\":\"https:\\\/\\\/globeetcecilhotel.com\\\/it\\\/#\\\/schema\\\/person\\\/b3c9e279ff8ec8845926b6b9f54fbdb9\",\"name\":\"flachize\",\"image\":{\"@type\":\"ImageObject\",\"inLanguage\":\"it-IT\",\"@id\":\"https:\\\/\\\/secure.gravatar.com\\\/avatar\\\/24f0361cf67c21d4fae1db71b0897ec099d5f1fe2ef60420e3cd59b175a66e40?s=96&d=mm&r=g\",\"url\":\"https:\\\/\\\/secure.gravatar.com\\\/avatar\\\/24f0361cf67c21d4fae1db71b0897ec099d5f1fe2ef60420e3cd59b175a66e40?s=96&d=mm&r=g\",\"contentUrl\":\"https:\\\/\\\/secure.gravatar.com\\\/avatar\\\/24f0361cf67c21d4fae1db71b0897ec099d5f1fe2ef60420e3cd59b175a66e40?s=96&d=mm&r=g\",\"caption\":\"flachize\"},\"url\":\"https:\\\/\\\/globeetcecilhotel.com\\\/it\\\/author\\\/flachize\\\/\"}]}<\/script>\n<!-- \/ Yoast SEO plugin. -->","yoast_head_json":{"title":"Place Bellecour: una tappa obbligata a Lione - Globe Cecil","description":"Globe & Cecil - Place Bellecour: una tappa obbligata a Lione . Nel cuore di Lione, Place Bellecour \u00e8 il polmone pulsante della citt\u00e0! Immaginate un luogo dove storia, cultura e relax si fondono in un'atmosfera tipicamente lionese.","robots":{"index":"index","follow":"follow","max-snippet":"max-snippet:-1","max-image-preview":"max-image-preview:large","max-video-preview":"max-video-preview:-1"},"canonical":"https:\/\/globeetcecilhotel.com\/it\/quartiere-bellecour\/place-bellecour-una-tappa-obbligata-a-lione\/","og_locale":"it_IT","og_type":"article","og_title":"Place Bellecour: una tappa obbligata a Lione - Globe Cecil","og_description":"Globe & Cecil - Place Bellecour: una tappa obbligata a Lione . Nel cuore di Lione, Place Bellecour \u00e8 il polmone pulsante della citt\u00e0! Immaginate un luogo dove storia, cultura e relax si fondono in un'atmosfera tipicamente lionese.","og_url":"https:\/\/globeetcecilhotel.com\/it\/quartiere-bellecour\/place-bellecour-una-tappa-obbligata-a-lione\/","og_site_name":"Globe Cecil","article_published_time":"2025-03-06T10:39:56+00:00","article_modified_time":"2026-04-17T07:17:55+00:00","og_image":[{"width":1365,"height":2048,"url":"https:\/\/globeetcecilhotel.com\/wp-content\/uploads\/sites\/2\/2025\/03\/Evalqt_1806.jpg","type":"image\/jpeg"}],"author":"flachize","twitter_card":"summary_large_image","twitter_misc":{"Scritto da":"flachize","Tempo di lettura stimato":"3 minuto"},"schema":{"@context":"https:\/\/schema.org","@graph":[{"@type":"Article","@id":"https:\/\/globeetcecilhotel.com\/it\/quartiere-bellecour\/place-bellecour-una-tappa-obbligata-a-lione\/#article","isPartOf":{"@id":"https:\/\/globeetcecilhotel.com\/it\/quartiere-bellecour\/place-bellecour-una-tappa-obbligata-a-lione\/"},"author":{"name":"flachize","@id":"https:\/\/globeetcecilhotel.com\/it\/#\/schema\/person\/b3c9e279ff8ec8845926b6b9f54fbdb9"},"headline":"Place Bellecour: una tappa obbligata a Lione","datePublished":"2025-03-06T10:39:56+00:00","dateModified":"2026-04-17T07:17:55+00:00","mainEntityOfPage":{"@id":"https:\/\/globeetcecilhotel.com\/it\/quartiere-bellecour\/place-bellecour-una-tappa-obbligata-a-lione\/"},"wordCount":571,"commentCount":0,"publisher":{"@id":"https:\/\/globeetcecilhotel.com\/it\/#organization"},"image":{"@id":"https:\/\/globeetcecilhotel.com\/it\/quartiere-bellecour\/place-bellecour-una-tappa-obbligata-a-lione\/#primaryimage"},"thumbnailUrl":"https:\/\/globeetcecilhotel.com\/wp-content\/uploads\/sites\/2\/2025\/03\/Evalqt_1806.jpg","articleSection":["Visita culturale"],"inLanguage":"it-IT","potentialAction":[{"@type":"CommentAction","name":"Comment","target":["https:\/\/globeetcecilhotel.com\/it\/quartiere-bellecour\/place-bellecour-una-tappa-obbligata-a-lione\/#respond"]}]},{"@type":"WebPage","@id":"https:\/\/globeetcecilhotel.com\/it\/quartiere-bellecour\/place-bellecour-una-tappa-obbligata-a-lione\/","url":"https:\/\/globeetcecilhotel.com\/it\/quartiere-bellecour\/place-bellecour-una-tappa-obbligata-a-lione\/","name":"Place Bellecour: una tappa obbligata a Lione - Globe Cecil","isPartOf":{"@id":"https:\/\/globeetcecilhotel.com\/it\/#website"},"primaryImageOfPage":{"@id":"https:\/\/globeetcecilhotel.com\/it\/quartiere-bellecour\/place-bellecour-una-tappa-obbligata-a-lione\/#primaryimage"},"image":{"@id":"https:\/\/globeetcecilhotel.com\/it\/quartiere-bellecour\/place-bellecour-una-tappa-obbligata-a-lione\/#primaryimage"},"thumbnailUrl":"https:\/\/globeetcecilhotel.com\/wp-content\/uploads\/sites\/2\/2025\/03\/Evalqt_1806.jpg","datePublished":"2025-03-06T10:39:56+00:00","dateModified":"2026-04-17T07:17:55+00:00","description":"Globe & Cecil - Place Bellecour: una tappa obbligata a Lione . Nel cuore di Lione, Place Bellecour \u00e8 il polmone pulsante della citt\u00e0! Immaginate un luogo dove storia, cultura e relax si fondono in un'atmosfera tipicamente lionese.","breadcrumb":{"@id":"https:\/\/globeetcecilhotel.com\/it\/quartiere-bellecour\/place-bellecour-una-tappa-obbligata-a-lione\/#breadcrumb"},"inLanguage":"it-IT","potentialAction":[{"@type":"ReadAction","target":["https:\/\/globeetcecilhotel.com\/it\/quartiere-bellecour\/place-bellecour-una-tappa-obbligata-a-lione\/"]}]},{"@type":"ImageObject","inLanguage":"it-IT","@id":"https:\/\/globeetcecilhotel.com\/it\/quartiere-bellecour\/place-bellecour-una-tappa-obbligata-a-lione\/#primaryimage","url":"https:\/\/globeetcecilhotel.com\/wp-content\/uploads\/sites\/2\/2025\/03\/Evalqt_1806.jpg","contentUrl":"https:\/\/globeetcecilhotel.com\/wp-content\/uploads\/sites\/2\/2025\/03\/Evalqt_1806.jpg","width":1365,"height":2048,"caption":"Evalqt 1806"},{"@type":"BreadcrumbList","@id":"https:\/\/globeetcecilhotel.com\/it\/quartiere-bellecour\/place-bellecour-una-tappa-obbligata-a-lione\/#breadcrumb","itemListElement":[{"@type":"ListItem","position":1,"name":"Accueil","item":"https:\/\/globeetcecilhotel.com\/it\/"},{"@type":"ListItem","position":2,"name":"Visita culturale","item":"https:\/\/globeetcecilhotel.com\/it\/le-quartier-bellecour\/visite-culturali\/"},{"@type":"ListItem","position":3,"name":"Place Bellecour: una tappa obbligata a Lione"}]},{"@type":"WebSite","@id":"https:\/\/globeetcecilhotel.com\/it\/#website","url":"https:\/\/globeetcecilhotel.com\/it\/","name":"Globe Cecil","description":"H\u00f4tel 4 \u00e9toiles \u00e0 Lyon","publisher":{"@id":"https:\/\/globeetcecilhotel.com\/it\/#organization"},"potentialAction":[{"@type":"SearchAction","target":{"@type":"EntryPoint","urlTemplate":"https:\/\/globeetcecilhotel.com\/it\/?s={search_term_string}"},"query-input":{"@type":"PropertyValueSpecification","valueRequired":true,"valueName":"search_term_string"}}],"inLanguage":"it-IT"},{"@type":"Organization","@id":"https:\/\/globeetcecilhotel.com\/it\/#organization","name":"Globe Cecil","url":"https:\/\/globeetcecilhotel.com\/it\/","logo":{"@type":"ImageObject","inLanguage":"it-IT","@id":"https:\/\/globeetcecilhotel.com\/it\/#\/schema\/logo\/image\/","url":"https:\/\/globeetcecilhotel.com\/wp-content\/uploads\/sites\/2\/2025\/03\/LOGO-Globe-et-Cecil.svg","contentUrl":"https:\/\/globeetcecilhotel.com\/wp-content\/uploads\/sites\/2\/2025\/03\/LOGO-Globe-et-Cecil.svg","width":108,"height":44,"caption":"Globe Cecil"},"image":{"@id":"https:\/\/globeetcecilhotel.com\/it\/#\/schema\/logo\/image\/"}},{"@type":"Person","@id":"https:\/\/globeetcecilhotel.com\/it\/#\/schema\/person\/b3c9e279ff8ec8845926b6b9f54fbdb9","name":"flachize","image":{"@type":"ImageObject","inLanguage":"it-IT","@id":"https:\/\/secure.gravatar.com\/avatar\/24f0361cf67c21d4fae1db71b0897ec099d5f1fe2ef60420e3cd59b175a66e40?s=96&d=mm&r=g","url":"https:\/\/secure.gravatar.com\/avatar\/24f0361cf67c21d4fae1db71b0897ec099d5f1fe2ef60420e3cd59b175a66e40?s=96&d=mm&r=g","contentUrl":"https:\/\/secure.gravatar.com\/avatar\/24f0361cf67c21d4fae1db71b0897ec099d5f1fe2ef60420e3cd59b175a66e40?s=96&d=mm&r=g","caption":"flachize"},"url":"https:\/\/globeetcecilhotel.com\/it\/author\/flachize\/"}]}},"_links":{"self":[{"href":"https:\/\/globeetcecilhotel.com\/it\/wp-json\/wp\/v2\/posts\/3287","targetHints":{"allow":["GET"]}}],"collection":[{"href":"https:\/\/globeetcecilhotel.com\/it\/wp-json\/wp\/v2\/posts"}],"about":[{"href":"https:\/\/globeetcecilhotel.com\/it\/wp-json\/wp\/v2\/types\/post"}],"author":[{"embeddable":true,"href":"https:\/\/globeetcecilhotel.com\/it\/wp-json\/wp\/v2\/users\/2"}],"replies":[{"embeddable":true,"href":"https:\/\/globeetcecilhotel.com\/it\/wp-json\/wp\/v2\/comments?post=3287"}],"version-history":[{"count":8,"href":"https:\/\/globeetcecilhotel.com\/it\/wp-json\/wp\/v2\/posts\/3287\/revisions"}],"predecessor-version":[{"id":7768,"href":"https:\/\/globeetcecilhotel.com\/it\/wp-json\/wp\/v2\/posts\/3287\/revisions\/7768"}],"wp:featuredmedia":[{"embeddable":true,"href":"https:\/\/globeetcecilhotel.com\/it\/wp-json\/wp\/v2\/media\/4384"}],"wp:attachment":[{"href":"https:\/\/globeetcecilhotel.com\/it\/wp-json\/wp\/v2\/media?parent=3287"}],"wp:term":[{"taxonomy":"category","embeddable":true,"href":"https:\/\/globeetcecilhotel.com\/it\/wp-json\/wp\/v2\/categories?post=3287"},{"taxonomy":"post_tag","embeddable":true,"href":"https:\/\/globeetcecilhotel.com\/it\/wp-json\/wp\/v2\/tags?post=3287"}],"curies":[{"name":"wp","href":"https:\/\/api.w.org\/{rel}","templated":true}]}}